{"id":95630,"date":"2021-07-12T19:39:46","date_gmt":"2021-07-12T22:39:46","guid":{"rendered":"https:\/\/eldiariodesanpedro.com.ar\/sitio\/?p=95630"},"modified":"2021-07-12T19:39:51","modified_gmt":"2021-07-12T22:39:51","slug":"edicto-de-sucesion-de-vicente-corrado-magdalena-corrado-juan-corrado-y-emilio-corrado","status":"publish","type":"post","link":"https:\/\/eldiariodesanpedro.com.ar\/sitio\/edicto-de-sucesion-de-vicente-corrado-magdalena-corrado-juan-corrado-y-emilio-corrado\/","title":{"rendered":"Edicto de Sucesi\u00f3n de Vicente Corrado, Magdalena Corrado, Juan Corrado y Emilio Corrado"},"content":{"rendered":"<!-- VideographyWP Plugin Message: Automatic video embedding prevented by plugin options. -->\n\n<p>El Juzgado de Paz Letrado de la ciudad de San Pedro, Departamento Judicial de San Nicol\u00e1s, cita y emplaza por el t\u00e9rmino de 30 d\u00edas a herederos, acreedores y todos los que se consideran con derecho a los bienes dejados por Don <strong>Vicente Corrado<\/strong> y\/o Do\u00f1a <strong>Magdalena Corrado<\/strong> y\/o Don <strong>Juan Corrado<\/strong> y\/o Don <strong>Emilio Corrado<\/strong>.\u00a0San Pedro 12 de Julio de 2021.-<\/p>\n\n\n\n<p>DR. FACUNDO VELL\u00d3N<br>ABOGADO SECRETARIO<\/p>\n","protected":false},"excerpt":{"rendered":"<p>El Juzgado de Paz Letrado de la ciudad de San Pedro, Departamento Judicial de San Nicol\u00e1s, cita y emplaza por el t\u00e9rmino de 30 d\u00edas a herederos, acreedores y todos los que se consideran con derecho a los bienes dejados por Don Vicente Corrado y\/o Do\u00f1a Magdalena Corrado y\/o Don Juan Corrado y\/o Don Emilio [&hellip;]<\/p>\n","protected":false},"author":4,"featured_media":81115,"comment_status":"open","ping_status":"closed","sticky":false,"template":"","format":"standard","meta":{"om_disable_all_campaigns":false,"_jetpack_memberships_contains_paid_content":false,"footnotes":""},"categories":[676,677],"tags":[2273,2272,2271,2270],"class_list":["post-95630","post","type-post","status-publish","format-standard","has-post-thumbnail","hentry","category-edictos","category-edictos-sucesorios","tag-emilio-corrado","tag-juan-corrado","tag-magdalena-corrado","tag-vicente-corrado"],"aioseo_notices":[],"gutentor_comment":0,"jetpack_featured_media_url":"https:\/\/eldiariodesanpedro.com.ar\/sitio\/wp-content\/uploads\/2020\/09\/Poder-Judicial.jpg","jetpack_shortlink":"https:\/\/wp.me\/p6RhLt-oSq","jetpack_sharing_enabled":true,"_links":{"self":[{"href":"https:\/\/eldiariodesanpedro.com.ar\/sitio\/wp-json\/wp\/v2\/posts\/95630","targetHints":{"allow":["GET"]}}],"collection":[{"href":"https:\/\/eldiariodesanpedro.com.ar\/sitio\/wp-json\/wp\/v2\/posts"}],"about":[{"href":"https:\/\/eldiariodesanpedro.com.ar\/sitio\/wp-json\/wp\/v2\/types\/post"}],"author":[{"embeddable":true,"href":"https:\/\/eldiariodesanpedro.com.ar\/sitio\/wp-json\/wp\/v2\/users\/4"}],"replies":[{"embeddable":true,"href":"https:\/\/eldiariodesanpedro.com.ar\/sitio\/wp-json\/wp\/v2\/comments?post=95630"}],"version-history":[{"count":1,"href":"https:\/\/eldiariodesanpedro.com.ar\/sitio\/wp-json\/wp\/v2\/posts\/95630\/revisions"}],"predecessor-version":[{"id":95631,"href":"https:\/\/eldiariodesanpedro.com.ar\/sitio\/wp-json\/wp\/v2\/posts\/95630\/revisions\/95631"}],"wp:featuredmedia":[{"embeddable":true,"href":"https:\/\/eldiariodesanpedro.com.ar\/sitio\/wp-json\/wp\/v2\/media\/81115"}],"wp:attachment":[{"href":"https:\/\/eldiariodesanpedro.com.ar\/sitio\/wp-json\/wp\/v2\/media?parent=95630"}],"wp:term":[{"taxonomy":"category","embeddable":true,"href":"https:\/\/eldiariodesanpedro.com.ar\/sitio\/wp-json\/wp\/v2\/categories?post=95630"},{"taxonomy":"post_tag","embeddable":true,"href":"https:\/\/eldiariodesanpedro.com.ar\/sitio\/wp-json\/wp\/v2\/tags?post=95630"}],"curies":[{"name":"wp","href":"https:\/\/api.w.org\/{rel}","templated":true}]}}