{"id":95623,"date":"2021-07-12T18:46:15","date_gmt":"2021-07-12T21:46:15","guid":{"rendered":"https:\/\/eldiariodesanpedro.com.ar\/sitio\/?p=95623"},"modified":"2021-07-12T18:46:20","modified_gmt":"2021-07-12T21:46:20","slug":"el-ex-fiscal-de-rosario-patricio-serjal-seguira-detenido-por-90-dias-mas","status":"publish","type":"post","link":"https:\/\/eldiariodesanpedro.com.ar\/sitio\/el-ex-fiscal-de-rosario-patricio-serjal-seguira-detenido-por-90-dias-mas\/","title":{"rendered":"El ex fiscal de Rosario Patricio Serjal seguir\u00e1 detenido por 90 dias mas"},"content":{"rendered":"<!-- VideographyWP Plugin Message: Automatic video embedding prevented by plugin options. -->\n\n<p>El ex fiscal Gustavo&nbsp;Ponce Asahad&nbsp;y quien fuera su superior, el ex Fiscal Regional de Rosario,&nbsp;Patricio Serjal, seguir\u00e1n detenidos en el marco de la causa en la que est\u00e1n imputados por ser parte de una asociaci\u00f3n il\u00edcita que regenteaba el&nbsp;juego&nbsp;clandestino en la provincia de Santa Fe.&nbsp;El primero de los nombrados est\u00e1 detenido desde el 31 de julio de 2020 y en una audiencia de pr\u00f3rroga de la medida cautelar lo seguir\u00e1 estando por otros 45 d\u00edas acusado de incumplimiento de los deberes de funcionario p\u00fablico, cohecho pasivo agravado y ser parte de la organizaci\u00f3n delictiva. En tanto Serjal, apresado el 11 de agosto de 2020 y a quien le concedieron el arresto domiciliario por problemas de salud en febrero pasado, seguir\u00e1 en esa condici\u00f3n por 90 d\u00edas m\u00e1s acusado de cohecho pasivo agravado, incumplimiento de los deberes de funcionario p\u00fablico y transmisi\u00f3n de datos reservados en car\u00e1cter de coautor, falsedad ideol\u00f3gica de documento p\u00fablico agravado por la condici\u00f3n de funcionario p\u00fablico en car\u00e1cter de coautor, omisi\u00f3n de persecuci\u00f3n penal en car\u00e1cter de coautor y peculado de servicios en car\u00e1cter de autor.<\/p>\n\n\n\n<p>As\u00ed&nbsp;lo dispuso la jueza de primera instancia Eleonora Ver\u00f3n en el marco de una audiencia en la cual se revis\u00f3 la medida cautelar&nbsp;impuesta a los ex funcionarios del Ministerio P\u00fablico de la Acusaci\u00f3n (MPA). Lo llamativo de la jornada fue que&nbsp;Ponce Asahad solicit\u00f3 en esta oportunidad acogerse a la figura de arrepentido y en ese marco declar\u00f3 por m\u00e1s de dos horas en las que \u201cbrind\u00f3 importantes elementos para la investigaci\u00f3n\u201d,&nbsp;seg\u00fan sostuvieron los fiscales de la Agencia de Criminalidad Organizada de la Fiscal\u00eda le atribuyeron.<\/p>\n\n\n\n<p>De acuerdo a la acusaci\u00f3n hecha el a\u00f1o pasado,&nbsp;Ponce Asahad y Serjal eran parte de una asociaci\u00f3n il\u00edcita cuyo objetivo fue \u201cusufructuar el dinero il\u00edcito proveniente de la recaudaci\u00f3n generada por una red de casas de juegos de azar ilegal y apuestas efectuadas por medios electr\u00f3nicos, todos ellos sin contar con la autorizaci\u00f3n de la autoridad competente, para lo cual, con sus diversos aportes y roles, organizaron, explotaron y administraron juegos de azar ilegal\u201d. En esa misma causa est\u00e1n imputados el ex empleado del MPA Nelson Ugolini y el empresario Leonardo&nbsp;Peiti, en tanto el ex polic\u00eda santafesino Alejandro Torrisi ya firm\u00f3 un juicio abreviado aceptando su culpabilidad y David Itat\u00ed Perona, llamado \u201cEl rey del juego\u201d en la ciudad de Rafaela, estaba acusado pero falleci\u00f3 v\u00edctima del Covid en noviembre \u00faltimo.<\/p>\n\n\n\n<p>Seg\u00fan la acusaci\u00f3n, la organizaci\u00f3n se despleg\u00f3 en distintos \u00e1mbitos de la provincia, concretamente en las ciudades de Rosario, Villa Gobernador Galvez, G\u00e1lvez y Rafaela.&nbsp;Los fiscales le achacan el rol de jefes de la asociaci\u00f3n a Serjal y Peiti mientras que al resto los acusaron de participar en car\u00e1cter de integrantes y conforme el rol que se asigna a cada uno de ellos.<\/p>\n\n\n\n<p>En ese marco, dice la acusaci\u00f3n, los imputados&nbsp;\u201cofrecieron y aceptaron d\u00e1divas a funcionarios p\u00fablicos que omitieron hacer actos propios de su funciones; omitieron perseguir penalmente los delitos estando obligados a hacerlo y brindaron informaci\u00f3n reservada a personas con el objetivo de hacer fracasar cursos investigativos\u201d.<\/p>\n","protected":false},"excerpt":{"rendered":"<p>El ex fiscal Gustavo&nbsp;Ponce Asahad&nbsp;y quien fuera su superior, el ex Fiscal Regional de Rosario,&nbsp;Patricio Serjal, seguir\u00e1n detenidos en el marco de la causa en la que est\u00e1n imputados por ser parte de una asociaci\u00f3n il\u00edcita que regenteaba el&nbsp;juego&nbsp;clandestino en la provincia de Santa Fe.&nbsp;El primero de los nombrados est\u00e1 detenido desde el 31 de [&hellip;]<\/p>\n","protected":false},"author":4,"featured_media":95624,"comment_status":"open","ping_status":"closed","sticky":false,"template":"","format":"standard","meta":{"om_disable_all_campaigns":false,"_jetpack_memberships_contains_paid_content":false,"footnotes":""},"categories":[101,2],"tags":[],"class_list":["post-95623","post","type-post","status-publish","format-standard","has-post-thumbnail","hentry","category-interes-general-locales","category-locales"],"aioseo_notices":[],"gutentor_comment":0,"jetpack_featured_media_url":"https:\/\/eldiariodesanpedro.com.ar\/sitio\/wp-content\/uploads\/2021\/07\/000092432.jpg","jetpack_shortlink":"https:\/\/wp.me\/p6RhLt-oSj","jetpack_sharing_enabled":true,"_links":{"self":[{"href":"https:\/\/eldiariodesanpedro.com.ar\/sitio\/wp-json\/wp\/v2\/posts\/95623","targetHints":{"allow":["GET"]}}],"collection":[{"href":"https:\/\/eldiariodesanpedro.com.ar\/sitio\/wp-json\/wp\/v2\/posts"}],"about":[{"href":"https:\/\/eldiariodesanpedro.com.ar\/sitio\/wp-json\/wp\/v2\/types\/post"}],"author":[{"embeddable":true,"href":"https:\/\/eldiariodesanpedro.com.ar\/sitio\/wp-json\/wp\/v2\/users\/4"}],"replies":[{"embeddable":true,"href":"https:\/\/eldiariodesanpedro.com.ar\/sitio\/wp-json\/wp\/v2\/comments?post=95623"}],"version-history":[{"count":1,"href":"https:\/\/eldiariodesanpedro.com.ar\/sitio\/wp-json\/wp\/v2\/posts\/95623\/revisions"}],"predecessor-version":[{"id":95625,"href":"https:\/\/eldiariodesanpedro.com.ar\/sitio\/wp-json\/wp\/v2\/posts\/95623\/revisions\/95625"}],"wp:featuredmedia":[{"embeddable":true,"href":"https:\/\/eldiariodesanpedro.com.ar\/sitio\/wp-json\/wp\/v2\/media\/95624"}],"wp:attachment":[{"href":"https:\/\/eldiariodesanpedro.com.ar\/sitio\/wp-json\/wp\/v2\/media?parent=95623"}],"wp:term":[{"taxonomy":"category","embeddable":true,"href":"https:\/\/eldiariodesanpedro.com.ar\/sitio\/wp-json\/wp\/v2\/categories?post=95623"},{"taxonomy":"post_tag","embeddable":true,"href":"https:\/\/eldiariodesanpedro.com.ar\/sitio\/wp-json\/wp\/v2\/tags?post=95623"}],"curies":[{"name":"wp","href":"https:\/\/api.w.org\/{rel}","templated":true}]}}