{"id":95609,"date":"2021-07-12T13:00:16","date_gmt":"2021-07-12T16:00:16","guid":{"rendered":"https:\/\/eldiariodesanpedro.com.ar\/sitio\/?p=95609"},"modified":"2021-07-12T13:00:22","modified_gmt":"2021-07-12T16:00:22","slug":"pliego-a-disposicion-para-articulos-de-limpieza-y-alimentos-secos","status":"publish","type":"post","link":"https:\/\/eldiariodesanpedro.com.ar\/sitio\/pliego-a-disposicion-para-articulos-de-limpieza-y-alimentos-secos\/","title":{"rendered":"Pliego a disposici\u00f3n para art\u00edculos de limpieza y alimentos secos"},"content":{"rendered":"<!-- VideographyWP Plugin Message: Automatic video embedding prevented by plugin options. -->\n\n<p>El Consejo Escolar informa que desde el 14 al 20 de julio de 2021 estar\u00e1 a disposici\u00f3n el pliego de Art\u00edculos de limpieza y Alimentos secos.<\/p>\n\n\n\n<p> Consultas en la Sede del Consejo Escolar (Ayacucho N\u00ba 690 &#8211; Piso 1\u00ba) de 8 a 12 hs. Apertura de ofertas 23 de julio de 2021 a las 11 hs.<\/p>\n","protected":false},"excerpt":{"rendered":"<p>El Consejo Escolar informa que desde el 14 al 20 de julio de 2021 estar\u00e1 a disposici\u00f3n el pliego de Art\u00edculos de limpieza y Alimentos secos. Consultas en la Sede del Consejo Escolar (Ayacucho N\u00ba 690 &#8211; Piso 1\u00ba) de 8 a 12 hs. Apertura de ofertas 23 de julio de 2021 a las 11 [&hellip;]<\/p>\n","protected":false},"author":4,"featured_media":95610,"comment_status":"open","ping_status":"closed","sticky":false,"template":"","format":"standard","meta":{"om_disable_all_campaigns":false,"_jetpack_memberships_contains_paid_content":false,"footnotes":""},"categories":[815,676],"tags":[],"class_list":["post-95609","post","type-post","status-publish","format-standard","has-post-thumbnail","hentry","category-consejo-escolar","category-edictos"],"aioseo_notices":[],"gutentor_comment":0,"jetpack_featured_media_url":"https:\/\/eldiariodesanpedro.com.ar\/sitio\/wp-content\/uploads\/2021\/07\/Concejo-escolar-12-07-2021.jpg","jetpack_shortlink":"https:\/\/wp.me\/p6RhLt-oS5","jetpack_sharing_enabled":true,"_links":{"self":[{"href":"https:\/\/eldiariodesanpedro.com.ar\/sitio\/wp-json\/wp\/v2\/posts\/95609","targetHints":{"allow":["GET"]}}],"collection":[{"href":"https:\/\/eldiariodesanpedro.com.ar\/sitio\/wp-json\/wp\/v2\/posts"}],"about":[{"href":"https:\/\/eldiariodesanpedro.com.ar\/sitio\/wp-json\/wp\/v2\/types\/post"}],"author":[{"embeddable":true,"href":"https:\/\/eldiariodesanpedro.com.ar\/sitio\/wp-json\/wp\/v2\/users\/4"}],"replies":[{"embeddable":true,"href":"https:\/\/eldiariodesanpedro.com.ar\/sitio\/wp-json\/wp\/v2\/comments?post=95609"}],"version-history":[{"count":1,"href":"https:\/\/eldiariodesanpedro.com.ar\/sitio\/wp-json\/wp\/v2\/posts\/95609\/revisions"}],"predecessor-version":[{"id":95611,"href":"https:\/\/eldiariodesanpedro.com.ar\/sitio\/wp-json\/wp\/v2\/posts\/95609\/revisions\/95611"}],"wp:featuredmedia":[{"embeddable":true,"href":"https:\/\/eldiariodesanpedro.com.ar\/sitio\/wp-json\/wp\/v2\/media\/95610"}],"wp:attachment":[{"href":"https:\/\/eldiariodesanpedro.com.ar\/sitio\/wp-json\/wp\/v2\/media?parent=95609"}],"wp:term":[{"taxonomy":"category","embeddable":true,"href":"https:\/\/eldiariodesanpedro.com.ar\/sitio\/wp-json\/wp\/v2\/categories?post=95609"},{"taxonomy":"post_tag","embeddable":true,"href":"https:\/\/eldiariodesanpedro.com.ar\/sitio\/wp-json\/wp\/v2\/tags?post=95609"}],"curies":[{"name":"wp","href":"https:\/\/api.w.org\/{rel}","templated":true}]}}