{"id":95607,"date":"2021-07-12T12:48:27","date_gmt":"2021-07-12T15:48:27","guid":{"rendered":"https:\/\/eldiariodesanpedro.com.ar\/sitio\/?p=95607"},"modified":"2021-07-12T13:01:13","modified_gmt":"2021-07-12T16:01:13","slug":"clinica-san-pedro-iglesias-dijo-los-duenos-son-unos-sin-verguenzas-no-tienen-empatia-con-la-gente","status":"publish","type":"post","link":"https:\/\/eldiariodesanpedro.com.ar\/sitio\/clinica-san-pedro-iglesias-dijo-los-duenos-son-unos-sin-verguenzas-no-tienen-empatia-con-la-gente\/","title":{"rendered":"Cl\u00ednica San Pedro: Iglesias dijo \u00ablos due\u00f1os son unos sin verg\u00fcenzas, no tienen empat\u00eda con la gente\u00bb"},"content":{"rendered":"<!-- VideographyWP Plugin Message: Automatic video embedding prevented by plugin options. -->\n\n<p>Como estaba previsto este lunes se realizo una nueva Reuni\u00f3n en el Ministerio de Trabajo donde estuvieron presentes representantes de la Cl\u00ednica San Pedro y la delegada sindical , tras mas de 2 horas del encuentro no se pudo llegar a ning\u00fan acuerdo.<\/p>\n\n\n\n<p>La Reuni\u00f3n estaba estipulada para este lunes a las 9 de la ma\u00f1ana y estuvo presente representando al los trabajadores del nosocomio privado Nilda Iglesias delegada del sindicato ATSA y por parte de la cl\u00ednica estuvo presente La&nbsp;Dra.&nbsp;Margarita Frisch acompa\u00f1ada de la esposa del Dr. Nasif.<\/p>\n\n\n\n<p>Seg\u00fan informo la delegada la conferencia duro entre dos horas y medias, y tres horas donde no se pudo llegar a ning\u00fan acuerdo.<\/p>\n\n\n\n<p>\u00abtuvimos una reuni\u00f3n muy larga donde no llegamos a nada, lo que me preocupa es que son unos sin verg\u00fcenzas, no tienen empat\u00eda con la gente\u00bb se expreso la delegada y continuo \u00abest\u00e1n solicitando que los empleados hagan un inventario de la aparatolog\u00eda que se encuentra dentro del nosocomio, cuando eso lo tendr\u00eda que hacer ellos\u00bb, \u00abClaramente no les importa haber dejado a 70 familias en la calle y solo les importa sus bolsillos\u00bb.<\/p>\n\n\n\n<p>Por el momento no habr\u00e1 una nueva Reuni\u00f3n y los empleados van a seguir dentro del edificio hasta que reciban una respuesta, todav\u00eda no se ha enviado un telegrama de despido por lo que aun siguen siendo empleados de la Cl\u00ednica San Pedro.<\/p>\n","protected":false},"excerpt":{"rendered":"<p>Como estaba previsto este lunes se realizo una nueva Reuni\u00f3n en el Ministerio de Trabajo donde estuvieron presentes representantes de la Cl\u00ednica San Pedro y la delegada sindical , tras mas de 2 horas del encuentro no se pudo llegar a ning\u00fan acuerdo. La Reuni\u00f3n estaba estipulada para este lunes a las 9 de la [&hellip;]<\/p>\n","protected":false},"author":4,"featured_media":95421,"comment_status":"open","ping_status":"closed","sticky":false,"template":"","format":"standard","meta":{"om_disable_all_campaigns":false,"_jetpack_memberships_contains_paid_content":false,"footnotes":""},"categories":[50,101,2],"tags":[],"class_list":["post-95607","post","type-post","status-publish","format-standard","has-post-thumbnail","hentry","category-destacadas","category-interes-general-locales","category-locales"],"aioseo_notices":[],"gutentor_comment":0,"jetpack_featured_media_url":"https:\/\/eldiariodesanpedro.com.ar\/sitio\/wp-content\/uploads\/2021\/07\/WhatsApp-Image-2021-07-08-at-14.25.58-2.jpeg","jetpack_shortlink":"https:\/\/wp.me\/p6RhLt-oS3","jetpack_sharing_enabled":true,"_links":{"self":[{"href":"https:\/\/eldiariodesanpedro.com.ar\/sitio\/wp-json\/wp\/v2\/posts\/95607","targetHints":{"allow":["GET"]}}],"collection":[{"href":"https:\/\/eldiariodesanpedro.com.ar\/sitio\/wp-json\/wp\/v2\/posts"}],"about":[{"href":"https:\/\/eldiariodesanpedro.com.ar\/sitio\/wp-json\/wp\/v2\/types\/post"}],"author":[{"embeddable":true,"href":"https:\/\/eldiariodesanpedro.com.ar\/sitio\/wp-json\/wp\/v2\/users\/4"}],"replies":[{"embeddable":true,"href":"https:\/\/eldiariodesanpedro.com.ar\/sitio\/wp-json\/wp\/v2\/comments?post=95607"}],"version-history":[{"count":2,"href":"https:\/\/eldiariodesanpedro.com.ar\/sitio\/wp-json\/wp\/v2\/posts\/95607\/revisions"}],"predecessor-version":[{"id":95612,"href":"https:\/\/eldiariodesanpedro.com.ar\/sitio\/wp-json\/wp\/v2\/posts\/95607\/revisions\/95612"}],"wp:featuredmedia":[{"embeddable":true,"href":"https:\/\/eldiariodesanpedro.com.ar\/sitio\/wp-json\/wp\/v2\/media\/95421"}],"wp:attachment":[{"href":"https:\/\/eldiariodesanpedro.com.ar\/sitio\/wp-json\/wp\/v2\/media?parent=95607"}],"wp:term":[{"taxonomy":"category","embeddable":true,"href":"https:\/\/eldiariodesanpedro.com.ar\/sitio\/wp-json\/wp\/v2\/categories?post=95607"},{"taxonomy":"post_tag","embeddable":true,"href":"https:\/\/eldiariodesanpedro.com.ar\/sitio\/wp-json\/wp\/v2\/tags?post=95607"}],"curies":[{"name":"wp","href":"https:\/\/api.w.org\/{rel}","templated":true}]}}