{"id":95596,"date":"2021-07-12T12:12:18","date_gmt":"2021-07-12T15:12:18","guid":{"rendered":"https:\/\/eldiariodesanpedro.com.ar\/sitio\/?p=95596"},"modified":"2021-07-12T12:12:21","modified_gmt":"2021-07-12T15:12:21","slug":"se-secuestraron-4-autos-y-21-motos-en-controles-de-la-direccion-de-transito-y-nocturnidad-durante-el-fin-de-semana","status":"publish","type":"post","link":"https:\/\/eldiariodesanpedro.com.ar\/sitio\/se-secuestraron-4-autos-y-21-motos-en-controles-de-la-direccion-de-transito-y-nocturnidad-durante-el-fin-de-semana\/","title":{"rendered":"Se secuestraron 4 autos y 21 motos en controles de la Direcci\u00f3n de Tr\u00e1nsito y Nocturnidad durante el fin de semana"},"content":{"rendered":"<!-- VideographyWP Plugin Message: Automatic video embedding prevented by plugin options. -->\n\n<p>La Direcci\u00f3n de Tr\u00e1nsito y Nocturnidad de la Municipalidad de San Pedro comparte un resumen de las intervenciones realizadas durante los operativos del fin de semana.<\/p>\n\n\n\n<p>En diferentes procedimientos y controles se secuestraron 4 autos, 3 de ellos por alcoholemia positiva de sus conductores y el restante por encontrarse mal estacionado.<\/p>\n\n\n\n<p>Se retuvieron 21 motos, 17 por falta de documentaci\u00f3n y 4 por escape deficiente.<\/p>\n\n\n\n<p>Personal del \u00e1rea procedi\u00f3 a la intervenci\u00f3n y desarticulaci\u00f3n de tres fiestas no autorizadas<\/p>\n","protected":false},"excerpt":{"rendered":"<p>La Direcci\u00f3n de Tr\u00e1nsito y Nocturnidad de la Municipalidad de San Pedro comparte un resumen de las intervenciones realizadas durante los operativos del fin de semana. En diferentes procedimientos y controles se secuestraron 4 autos, 3 de ellos por alcoholemia positiva de sus conductores y el restante por encontrarse mal estacionado. Se retuvieron 21 motos, [&hellip;]<\/p>\n","protected":false},"author":4,"featured_media":95599,"comment_status":"open","ping_status":"closed","sticky":false,"template":"","format":"standard","meta":{"om_disable_all_campaigns":false,"_jetpack_memberships_contains_paid_content":false,"footnotes":""},"categories":[101,2],"tags":[],"class_list":["post-95596","post","type-post","status-publish","format-standard","has-post-thumbnail","hentry","category-interes-general-locales","category-locales"],"aioseo_notices":[],"gutentor_comment":0,"jetpack_featured_media_url":"https:\/\/eldiariodesanpedro.com.ar\/sitio\/wp-content\/uploads\/2021\/07\/WhatsApp-Image-2021-07-12-at-11.57.56.jpeg","jetpack_shortlink":"https:\/\/wp.me\/p6RhLt-oRS","jetpack_sharing_enabled":true,"_links":{"self":[{"href":"https:\/\/eldiariodesanpedro.com.ar\/sitio\/wp-json\/wp\/v2\/posts\/95596","targetHints":{"allow":["GET"]}}],"collection":[{"href":"https:\/\/eldiariodesanpedro.com.ar\/sitio\/wp-json\/wp\/v2\/posts"}],"about":[{"href":"https:\/\/eldiariodesanpedro.com.ar\/sitio\/wp-json\/wp\/v2\/types\/post"}],"author":[{"embeddable":true,"href":"https:\/\/eldiariodesanpedro.com.ar\/sitio\/wp-json\/wp\/v2\/users\/4"}],"replies":[{"embeddable":true,"href":"https:\/\/eldiariodesanpedro.com.ar\/sitio\/wp-json\/wp\/v2\/comments?post=95596"}],"version-history":[{"count":1,"href":"https:\/\/eldiariodesanpedro.com.ar\/sitio\/wp-json\/wp\/v2\/posts\/95596\/revisions"}],"predecessor-version":[{"id":95600,"href":"https:\/\/eldiariodesanpedro.com.ar\/sitio\/wp-json\/wp\/v2\/posts\/95596\/revisions\/95600"}],"wp:featuredmedia":[{"embeddable":true,"href":"https:\/\/eldiariodesanpedro.com.ar\/sitio\/wp-json\/wp\/v2\/media\/95599"}],"wp:attachment":[{"href":"https:\/\/eldiariodesanpedro.com.ar\/sitio\/wp-json\/wp\/v2\/media?parent=95596"}],"wp:term":[{"taxonomy":"category","embeddable":true,"href":"https:\/\/eldiariodesanpedro.com.ar\/sitio\/wp-json\/wp\/v2\/categories?post=95596"},{"taxonomy":"post_tag","embeddable":true,"href":"https:\/\/eldiariodesanpedro.com.ar\/sitio\/wp-json\/wp\/v2\/tags?post=95596"}],"curies":[{"name":"wp","href":"https:\/\/api.w.org\/{rel}","templated":true}]}}