{"id":95592,"date":"2021-07-12T11:57:30","date_gmt":"2021-07-12T14:57:30","guid":{"rendered":"https:\/\/eldiariodesanpedro.com.ar\/sitio\/?p=95592"},"modified":"2021-07-12T11:57:35","modified_gmt":"2021-07-12T14:57:35","slug":"un-joven-menor-aprehendido-por-ingresar-a-la-fuerza-a-una-vivienda","status":"publish","type":"post","link":"https:\/\/eldiariodesanpedro.com.ar\/sitio\/un-joven-menor-aprehendido-por-ingresar-a-la-fuerza-a-una-vivienda\/","title":{"rendered":"Un joven menor aprehendido por ingresar a la fuerza a una vivienda"},"content":{"rendered":"<!-- VideographyWP Plugin Message: Automatic video embedding prevented by plugin options. -->\n\n<p>Ayer promediando a las 19 hs el personal policial alertado y tras r\u00e1pido accionar se hace presente en calle Ansaloni al 2200 aprehende a masculino de 17 a\u00f1os de edad, quien intentaba fugar tras ingresar por la fuerza interior domicilio particular propiedad de hombre de 67 a\u00f1os de edad, da\u00f1ando la puerta, adem\u00e1s de amenazar a la v\u00edctima de muerte. <\/p>\n\n\n\n<p>Interviene la fiscal\u00eda local en turno<\/p>\n","protected":false},"excerpt":{"rendered":"<p>Ayer promediando a las 19 hs el personal policial alertado y tras r\u00e1pido accionar se hace presente en calle Ansaloni al 2200 aprehende a masculino de 17 a\u00f1os de edad, quien intentaba fugar tras ingresar por la fuerza interior domicilio particular propiedad de hombre de 67 a\u00f1os de edad, da\u00f1ando la puerta, adem\u00e1s de amenazar [&hellip;]<\/p>\n","protected":false},"author":4,"featured_media":69226,"comment_status":"open","ping_status":"closed","sticky":false,"template":"","format":"standard","meta":{"om_disable_all_campaigns":false,"_jetpack_memberships_contains_paid_content":false,"footnotes":""},"categories":[2,103],"tags":[],"class_list":["post-95592","post","type-post","status-publish","format-standard","has-post-thumbnail","hentry","category-locales","category-policiales-locales"],"aioseo_notices":[],"gutentor_comment":0,"jetpack_featured_media_url":"https:\/\/eldiariodesanpedro.com.ar\/sitio\/wp-content\/uploads\/2020\/02\/detenido-1.jpg","jetpack_shortlink":"https:\/\/wp.me\/p6RhLt-oRO","jetpack_sharing_enabled":true,"_links":{"self":[{"href":"https:\/\/eldiariodesanpedro.com.ar\/sitio\/wp-json\/wp\/v2\/posts\/95592","targetHints":{"allow":["GET"]}}],"collection":[{"href":"https:\/\/eldiariodesanpedro.com.ar\/sitio\/wp-json\/wp\/v2\/posts"}],"about":[{"href":"https:\/\/eldiariodesanpedro.com.ar\/sitio\/wp-json\/wp\/v2\/types\/post"}],"author":[{"embeddable":true,"href":"https:\/\/eldiariodesanpedro.com.ar\/sitio\/wp-json\/wp\/v2\/users\/4"}],"replies":[{"embeddable":true,"href":"https:\/\/eldiariodesanpedro.com.ar\/sitio\/wp-json\/wp\/v2\/comments?post=95592"}],"version-history":[{"count":1,"href":"https:\/\/eldiariodesanpedro.com.ar\/sitio\/wp-json\/wp\/v2\/posts\/95592\/revisions"}],"predecessor-version":[{"id":95593,"href":"https:\/\/eldiariodesanpedro.com.ar\/sitio\/wp-json\/wp\/v2\/posts\/95592\/revisions\/95593"}],"wp:featuredmedia":[{"embeddable":true,"href":"https:\/\/eldiariodesanpedro.com.ar\/sitio\/wp-json\/wp\/v2\/media\/69226"}],"wp:attachment":[{"href":"https:\/\/eldiariodesanpedro.com.ar\/sitio\/wp-json\/wp\/v2\/media?parent=95592"}],"wp:term":[{"taxonomy":"category","embeddable":true,"href":"https:\/\/eldiariodesanpedro.com.ar\/sitio\/wp-json\/wp\/v2\/categories?post=95592"},{"taxonomy":"post_tag","embeddable":true,"href":"https:\/\/eldiariodesanpedro.com.ar\/sitio\/wp-json\/wp\/v2\/tags?post=95592"}],"curies":[{"name":"wp","href":"https:\/\/api.w.org\/{rel}","templated":true}]}}