{"id":95590,"date":"2021-07-12T11:54:56","date_gmt":"2021-07-12T14:54:56","guid":{"rendered":"https:\/\/eldiariodesanpedro.com.ar\/sitio\/?p=95590"},"modified":"2021-07-12T11:55:01","modified_gmt":"2021-07-12T14:55:01","slug":"una-pareja-aprehendida-que-trato-de-agredir-a-una-mujer-mayor-y-despues-a-los-policias","status":"publish","type":"post","link":"https:\/\/eldiariodesanpedro.com.ar\/sitio\/una-pareja-aprehendida-que-trato-de-agredir-a-una-mujer-mayor-y-despues-a-los-policias\/","title":{"rendered":"Una pareja aprehendida que trato de agredir a una mujer mayor y despu\u00e9s a los polic\u00edas"},"content":{"rendered":"<!-- VideographyWP Plugin Message: Automatic video embedding prevented by plugin options. -->\n\n<p>Anoche promediando las 20:30 hs el personal policial alertado acude por un conflicto familiar,\u00a0 en calle Chivilcoy al 2700 donde se aprehende a una mujer de 30 a\u00f1os y un hombre de 28 a\u00f1os de edad, quienes manten\u00edan conflicto por cuestiones personales con mujer moradora de 61 a\u00f1os de edad.<\/p>\n\n\n\n<p>&nbsp;Ante la presencia policial demostraron actitud hostil, intentando agredir a los efectivos profiriendo amenazas.-&nbsp;<\/p>\n\n\n\n<p>Afortunadamente el personal policial qued\u00f3 ileso, intervino la fiscal\u00eda local en turno.<\/p>\n","protected":false},"excerpt":{"rendered":"<p>Anoche promediando las 20:30 hs el personal policial alertado acude por un conflicto familiar,\u00a0 en calle Chivilcoy al 2700 donde se aprehende a una mujer de 30 a\u00f1os y un hombre de 28 a\u00f1os de edad, quienes manten\u00edan conflicto por cuestiones personales con mujer moradora de 61 a\u00f1os de edad. &nbsp;Ante la presencia policial demostraron [&hellip;]<\/p>\n","protected":false},"author":4,"featured_media":71476,"comment_status":"open","ping_status":"closed","sticky":false,"template":"","format":"standard","meta":{"om_disable_all_campaigns":false,"_jetpack_memberships_contains_paid_content":false,"footnotes":""},"categories":[2,103],"tags":[],"class_list":["post-95590","post","type-post","status-publish","format-standard","has-post-thumbnail","hentry","category-locales","category-policiales-locales"],"aioseo_notices":[],"gutentor_comment":0,"jetpack_featured_media_url":"https:\/\/eldiariodesanpedro.com.ar\/sitio\/wp-content\/uploads\/2020\/04\/thumb_patrulla-policia-bonaerense-movil-policia.jpeg","jetpack_shortlink":"https:\/\/wp.me\/p6RhLt-oRM","jetpack_sharing_enabled":true,"_links":{"self":[{"href":"https:\/\/eldiariodesanpedro.com.ar\/sitio\/wp-json\/wp\/v2\/posts\/95590","targetHints":{"allow":["GET"]}}],"collection":[{"href":"https:\/\/eldiariodesanpedro.com.ar\/sitio\/wp-json\/wp\/v2\/posts"}],"about":[{"href":"https:\/\/eldiariodesanpedro.com.ar\/sitio\/wp-json\/wp\/v2\/types\/post"}],"author":[{"embeddable":true,"href":"https:\/\/eldiariodesanpedro.com.ar\/sitio\/wp-json\/wp\/v2\/users\/4"}],"replies":[{"embeddable":true,"href":"https:\/\/eldiariodesanpedro.com.ar\/sitio\/wp-json\/wp\/v2\/comments?post=95590"}],"version-history":[{"count":1,"href":"https:\/\/eldiariodesanpedro.com.ar\/sitio\/wp-json\/wp\/v2\/posts\/95590\/revisions"}],"predecessor-version":[{"id":95591,"href":"https:\/\/eldiariodesanpedro.com.ar\/sitio\/wp-json\/wp\/v2\/posts\/95590\/revisions\/95591"}],"wp:featuredmedia":[{"embeddable":true,"href":"https:\/\/eldiariodesanpedro.com.ar\/sitio\/wp-json\/wp\/v2\/media\/71476"}],"wp:attachment":[{"href":"https:\/\/eldiariodesanpedro.com.ar\/sitio\/wp-json\/wp\/v2\/media?parent=95590"}],"wp:term":[{"taxonomy":"category","embeddable":true,"href":"https:\/\/eldiariodesanpedro.com.ar\/sitio\/wp-json\/wp\/v2\/categories?post=95590"},{"taxonomy":"post_tag","embeddable":true,"href":"https:\/\/eldiariodesanpedro.com.ar\/sitio\/wp-json\/wp\/v2\/tags?post=95590"}],"curies":[{"name":"wp","href":"https:\/\/api.w.org\/{rel}","templated":true}]}}