{"id":95588,"date":"2021-07-12T11:46:40","date_gmt":"2021-07-12T14:46:40","guid":{"rendered":"https:\/\/eldiariodesanpedro.com.ar\/sitio\/?p=95588"},"modified":"2021-07-12T11:46:45","modified_gmt":"2021-07-12T14:46:45","slug":"una-mujer-alcoholizada-provoco-disturbios-y-fue-aprehendida","status":"publish","type":"post","link":"https:\/\/eldiariodesanpedro.com.ar\/sitio\/una-mujer-alcoholizada-provoco-disturbios-y-fue-aprehendida\/","title":{"rendered":"Una mujer alcoholizada provoco disturbios y fue aprehendida"},"content":{"rendered":"<!-- VideographyWP Plugin Message: Automatic video embedding prevented by plugin options. -->\n\n<p>En la noche de este domingo alrededor de las 23:30 hs el personal policial de nuestra ciudad se hace presente en calle Ansaloni y Davila donde se logra la aprehensi\u00f3n de una mujer que se encontraba ocasionando disturbios en la v\u00eda p\u00fablica.<\/p>\n\n\n\n<p>Se trata de una ciudadana de 25 a\u00f1os de edad que en estado de ebriedad ocasiona disturbios en la zona y los vecinos llamaban a&nbsp; la polic\u00eda para poder controlarla.<\/p>\n\n\n\n<p>Se iniciaron actuaciones por Infracci\u00f3n al c\u00f3digo de faltas con intervenci\u00f3n de Juzgado de Paz Local<\/p>\n","protected":false},"excerpt":{"rendered":"<p>En la noche de este domingo alrededor de las 23:30 hs el personal policial de nuestra ciudad se hace presente en calle Ansaloni y Davila donde se logra la aprehensi\u00f3n de una mujer que se encontraba ocasionando disturbios en la v\u00eda p\u00fablica. Se trata de una ciudadana de 25 a\u00f1os de edad que en estado [&hellip;]<\/p>\n","protected":false},"author":4,"featured_media":45716,"comment_status":"open","ping_status":"closed","sticky":false,"template":"","format":"standard","meta":{"om_disable_all_campaigns":false,"_jetpack_memberships_contains_paid_content":false,"footnotes":""},"categories":[2,103],"tags":[],"class_list":["post-95588","post","type-post","status-publish","format-standard","has-post-thumbnail","hentry","category-locales","category-policiales-locales"],"aioseo_notices":[],"gutentor_comment":0,"jetpack_featured_media_url":"https:\/\/eldiariodesanpedro.com.ar\/sitio\/wp-content\/uploads\/2019\/01\/IMAGEN-15026804-2.jpg","jetpack_shortlink":"https:\/\/wp.me\/p6RhLt-oRK","jetpack_sharing_enabled":true,"_links":{"self":[{"href":"https:\/\/eldiariodesanpedro.com.ar\/sitio\/wp-json\/wp\/v2\/posts\/95588","targetHints":{"allow":["GET"]}}],"collection":[{"href":"https:\/\/eldiariodesanpedro.com.ar\/sitio\/wp-json\/wp\/v2\/posts"}],"about":[{"href":"https:\/\/eldiariodesanpedro.com.ar\/sitio\/wp-json\/wp\/v2\/types\/post"}],"author":[{"embeddable":true,"href":"https:\/\/eldiariodesanpedro.com.ar\/sitio\/wp-json\/wp\/v2\/users\/4"}],"replies":[{"embeddable":true,"href":"https:\/\/eldiariodesanpedro.com.ar\/sitio\/wp-json\/wp\/v2\/comments?post=95588"}],"version-history":[{"count":1,"href":"https:\/\/eldiariodesanpedro.com.ar\/sitio\/wp-json\/wp\/v2\/posts\/95588\/revisions"}],"predecessor-version":[{"id":95589,"href":"https:\/\/eldiariodesanpedro.com.ar\/sitio\/wp-json\/wp\/v2\/posts\/95588\/revisions\/95589"}],"wp:featuredmedia":[{"embeddable":true,"href":"https:\/\/eldiariodesanpedro.com.ar\/sitio\/wp-json\/wp\/v2\/media\/45716"}],"wp:attachment":[{"href":"https:\/\/eldiariodesanpedro.com.ar\/sitio\/wp-json\/wp\/v2\/media?parent=95588"}],"wp:term":[{"taxonomy":"category","embeddable":true,"href":"https:\/\/eldiariodesanpedro.com.ar\/sitio\/wp-json\/wp\/v2\/categories?post=95588"},{"taxonomy":"post_tag","embeddable":true,"href":"https:\/\/eldiariodesanpedro.com.ar\/sitio\/wp-json\/wp\/v2\/tags?post=95588"}],"curies":[{"name":"wp","href":"https:\/\/api.w.org\/{rel}","templated":true}]}}