{"id":95572,"date":"2021-07-12T11:10:27","date_gmt":"2021-07-12T14:10:27","guid":{"rendered":"https:\/\/eldiariodesanpedro.com.ar\/sitio\/?p=95572"},"modified":"2021-07-12T11:10:31","modified_gmt":"2021-07-12T14:10:31","slug":"el-22-de-julio-se-firmaran-46-nuevas-escrituras-sociales","status":"publish","type":"post","link":"https:\/\/eldiariodesanpedro.com.ar\/sitio\/el-22-de-julio-se-firmaran-46-nuevas-escrituras-sociales\/","title":{"rendered":"El 22 de julio se firmar\u00e1n 46 nuevas escrituras sociales"},"content":{"rendered":"<!-- VideographyWP Plugin Message: Automatic video embedding prevented by plugin options. -->\n\n<p>La Oficina de Escrituraciones de la Municipalidad de San Pedro, informa que el pr\u00f3ximo jueves 22 de julio a las 11 se concretar\u00e1 un nuevo acto de firma de escrituras gestionadas a trav\u00e9s del \u00e1rea y continuando con el constante plan de regularizaci\u00f3n dominial que se lleva adelante junto a la Escriban\u00eda General de Gobierno dependiente del Ministerio de Justicia y Derechos Humanos de la Provincia de Buenos Aires.<\/p>\n\n\n\n<p>Volviendo a ampliar la convocatoria a un mayor grupo de familias ya que por la Pandemia, el acto anterior fue reducido y en el despacho del Intendente, en este caso se firmar\u00e1n 46 escrituras, en el predio del Club Los Andes (Crucero General Belgrano 1921), con un acto al aire libre y tomando todas las medidas de prevenci\u00f3n correspondientes.<\/p>\n\n\n\n<p>Estas regularizaciones de dominio enmarcadas en la Ley 10.830 ya han posibilitado la entrega de 296 escrituras y la firma a la espera de la documentaci\u00f3n definitiva de 560, distribuidas en los barrios Arco Iris, 104 Viviendas, 118 viviendas de Castro (Centenario), Parque San Martin, Fonavi 1 y 2, San Francisco, 291 viviendas, 49 viviendas, 66 viviendas, y en zonas particulares.<\/p>\n\n\n\n<p>Adem\u00e1s est\u00e1n en tr\u00e1mite 181 expedientes iniciados en Escriban\u00eda General de Gobierno, un expediente de Plan Familia Propietaria con 106 viviendas para regularizar, 79 tr\u00e1mites iniciados en el Instituto de la Vivienda de la Provincia de Buenos Aires, un grupo de viviendas en cuatro manzanas en Las Canaletas que pronto tendr\u00e1n sus boletos y 10 tr\u00e1mites particulares en diferentes zonas de la ciudad.<\/p>\n","protected":false},"excerpt":{"rendered":"<p>La Oficina de Escrituraciones de la Municipalidad de San Pedro, informa que el pr\u00f3ximo jueves 22 de julio a las 11 se concretar\u00e1 un nuevo acto de firma de escrituras gestionadas a trav\u00e9s del \u00e1rea y continuando con el constante plan de regularizaci\u00f3n dominial que se lleva adelante junto a la Escriban\u00eda General de Gobierno [&hellip;]<\/p>\n","protected":false},"author":4,"featured_media":95573,"comment_status":"open","ping_status":"closed","sticky":false,"template":"","format":"standard","meta":{"om_disable_all_campaigns":false,"_jetpack_memberships_contains_paid_content":false,"footnotes":""},"categories":[50,101,2],"tags":[],"class_list":["post-95572","post","type-post","status-publish","format-standard","has-post-thumbnail","hentry","category-destacadas","category-interes-general-locales","category-locales"],"aioseo_notices":[],"gutentor_comment":0,"jetpack_featured_media_url":"https:\/\/eldiariodesanpedro.com.ar\/sitio\/wp-content\/uploads\/2021\/07\/unnamed.jpg","jetpack_shortlink":"https:\/\/wp.me\/p6RhLt-oRu","jetpack_sharing_enabled":true,"_links":{"self":[{"href":"https:\/\/eldiariodesanpedro.com.ar\/sitio\/wp-json\/wp\/v2\/posts\/95572","targetHints":{"allow":["GET"]}}],"collection":[{"href":"https:\/\/eldiariodesanpedro.com.ar\/sitio\/wp-json\/wp\/v2\/posts"}],"about":[{"href":"https:\/\/eldiariodesanpedro.com.ar\/sitio\/wp-json\/wp\/v2\/types\/post"}],"author":[{"embeddable":true,"href":"https:\/\/eldiariodesanpedro.com.ar\/sitio\/wp-json\/wp\/v2\/users\/4"}],"replies":[{"embeddable":true,"href":"https:\/\/eldiariodesanpedro.com.ar\/sitio\/wp-json\/wp\/v2\/comments?post=95572"}],"version-history":[{"count":1,"href":"https:\/\/eldiariodesanpedro.com.ar\/sitio\/wp-json\/wp\/v2\/posts\/95572\/revisions"}],"predecessor-version":[{"id":95574,"href":"https:\/\/eldiariodesanpedro.com.ar\/sitio\/wp-json\/wp\/v2\/posts\/95572\/revisions\/95574"}],"wp:featuredmedia":[{"embeddable":true,"href":"https:\/\/eldiariodesanpedro.com.ar\/sitio\/wp-json\/wp\/v2\/media\/95573"}],"wp:attachment":[{"href":"https:\/\/eldiariodesanpedro.com.ar\/sitio\/wp-json\/wp\/v2\/media?parent=95572"}],"wp:term":[{"taxonomy":"category","embeddable":true,"href":"https:\/\/eldiariodesanpedro.com.ar\/sitio\/wp-json\/wp\/v2\/categories?post=95572"},{"taxonomy":"post_tag","embeddable":true,"href":"https:\/\/eldiariodesanpedro.com.ar\/sitio\/wp-json\/wp\/v2\/tags?post=95572"}],"curies":[{"name":"wp","href":"https:\/\/api.w.org\/{rel}","templated":true}]}}