{"id":95567,"date":"2021-07-11T21:03:52","date_gmt":"2021-07-12T00:03:52","guid":{"rendered":"https:\/\/eldiariodesanpedro.com.ar\/sitio\/?p=95567"},"modified":"2021-07-11T21:03:57","modified_gmt":"2021-07-12T00:03:57","slug":"bomberos-colaboraron-con-un-avion-hidrante-que-tratan-de-apagar-el-fuego-en-islas","status":"publish","type":"post","link":"https:\/\/eldiariodesanpedro.com.ar\/sitio\/bomberos-colaboraron-con-un-avion-hidrante-que-tratan-de-apagar-el-fuego-en-islas\/","title":{"rendered":"Bomberos colaboraron con un avi\u00f3n hidrante que tratan de apagar el fuego en islas"},"content":{"rendered":"<!-- VideographyWP Plugin Message: Automatic video embedding prevented by plugin options. -->\n\n<p>En la jornada de hoy por la tarde el personal de defensa civil de Entre R\u00edos solicito la ayuda de Bomberos Voluntarios para poder recargar con agua a un avi\u00f3n hidrante que se encuentra trabajando en la zona de lechigunas y otros focos cercanos.<\/p>\n\n\n\n<p>Seg\u00fan el informe del Sistema Nacional del Manejo del Fuego hay 4 focos activos en la zona de islas Lechiguanas y Defensa Civil de Entre R\u00edos solicit\u00f3 colaboraci\u00f3n para cargar el avi\u00f3n hidrante en jurisdicci\u00f3n de San Pedro.<\/p>\n\n\n\n<p>Para las pr\u00f3ximas horas se espera que el clima colabore y llueva as\u00ed se apagar\u00edan los grandes focos \u00edgneos.<\/p>\n\n\n\n<iframe data-src=\"https:\/\/www.facebook.com\/plugins\/post.php?href=https%3A%2F%2Fwww.facebook.com%2Feldiario.desanpedro%2Fposts%2F1602562493286217&#038;show_text=true&#038;width=500\" width=\"500\" height=\"689\" style=\"border:none;overflow:hidden\" scrolling=\"no\" frameborder=\"0\" allowfullscreen=\"true\" allow=\"autoplay; clipboard-write; encrypted-media; picture-in-picture; web-share\" src=\"data:image\/svg+xml;base64,PHN2ZyB3aWR0aD0iMSIgaGVpZ2h0PSIxIiB4bWxucz0iaHR0cDovL3d3dy53My5vcmcvMjAwMC9zdmciPjwvc3ZnPg==\" class=\"lazyload\" data-load-mode=\"1\"><\/iframe>\n\n\n\n<iframe data-src=\"https:\/\/www.facebook.com\/plugins\/video.php?height=316&#038;href=https%3A%2F%2Fwww.facebook.com%2Feldiario.desanpedro%2Fvideos%2F553255749377785%2F&#038;show_text=false&#038;width=560&#038;t=0\" width=\"560\" height=\"316\" style=\"border:none;overflow:hidden\" scrolling=\"no\" frameborder=\"0\" allowfullscreen=\"true\" allow=\"autoplay; clipboard-write; encrypted-media; picture-in-picture; web-share\" allowFullScreen=\"true\" src=\"data:image\/svg+xml;base64,PHN2ZyB3aWR0aD0iMSIgaGVpZ2h0PSIxIiB4bWxucz0iaHR0cDovL3d3dy53My5vcmcvMjAwMC9zdmciPjwvc3ZnPg==\" class=\"lazyload\" data-load-mode=\"1\"><\/iframe>\n","protected":false},"excerpt":{"rendered":"<p>En la jornada de hoy por la tarde el personal de defensa civil de Entre R\u00edos solicito la ayuda de Bomberos Voluntarios para poder recargar con agua a un avi\u00f3n hidrante que se encuentra trabajando en la zona de lechigunas y otros focos cercanos. Seg\u00fan el informe del Sistema Nacional del Manejo del Fuego hay [&hellip;]<\/p>\n","protected":false},"author":4,"featured_media":95568,"comment_status":"open","ping_status":"closed","sticky":false,"template":"","format":"standard","meta":{"om_disable_all_campaigns":false,"_jetpack_memberships_contains_paid_content":false,"footnotes":""},"categories":[50,101,2],"tags":[],"class_list":["post-95567","post","type-post","status-publish","format-standard","has-post-thumbnail","hentry","category-destacadas","category-interes-general-locales","category-locales"],"aioseo_notices":[],"gutentor_comment":0,"jetpack_featured_media_url":"https:\/\/eldiariodesanpedro.com.ar\/sitio\/wp-content\/uploads\/2021\/07\/2021-07-11.png","jetpack_shortlink":"https:\/\/wp.me\/p6RhLt-oRp","jetpack_sharing_enabled":true,"_links":{"self":[{"href":"https:\/\/eldiariodesanpedro.com.ar\/sitio\/wp-json\/wp\/v2\/posts\/95567","targetHints":{"allow":["GET"]}}],"collection":[{"href":"https:\/\/eldiariodesanpedro.com.ar\/sitio\/wp-json\/wp\/v2\/posts"}],"about":[{"href":"https:\/\/eldiariodesanpedro.com.ar\/sitio\/wp-json\/wp\/v2\/types\/post"}],"author":[{"embeddable":true,"href":"https:\/\/eldiariodesanpedro.com.ar\/sitio\/wp-json\/wp\/v2\/users\/4"}],"replies":[{"embeddable":true,"href":"https:\/\/eldiariodesanpedro.com.ar\/sitio\/wp-json\/wp\/v2\/comments?post=95567"}],"version-history":[{"count":1,"href":"https:\/\/eldiariodesanpedro.com.ar\/sitio\/wp-json\/wp\/v2\/posts\/95567\/revisions"}],"predecessor-version":[{"id":95569,"href":"https:\/\/eldiariodesanpedro.com.ar\/sitio\/wp-json\/wp\/v2\/posts\/95567\/revisions\/95569"}],"wp:featuredmedia":[{"embeddable":true,"href":"https:\/\/eldiariodesanpedro.com.ar\/sitio\/wp-json\/wp\/v2\/media\/95568"}],"wp:attachment":[{"href":"https:\/\/eldiariodesanpedro.com.ar\/sitio\/wp-json\/wp\/v2\/media?parent=95567"}],"wp:term":[{"taxonomy":"category","embeddable":true,"href":"https:\/\/eldiariodesanpedro.com.ar\/sitio\/wp-json\/wp\/v2\/categories?post=95567"},{"taxonomy":"post_tag","embeddable":true,"href":"https:\/\/eldiariodesanpedro.com.ar\/sitio\/wp-json\/wp\/v2\/tags?post=95567"}],"curies":[{"name":"wp","href":"https:\/\/api.w.org\/{rel}","templated":true}]}}