{"id":95560,"date":"2021-07-11T20:27:29","date_gmt":"2021-07-11T23:27:29","guid":{"rendered":"https:\/\/eldiariodesanpedro.com.ar\/sitio\/?p=95560"},"modified":"2021-07-11T20:30:46","modified_gmt":"2021-07-11T23:30:46","slug":"el-renaper-estara-realizando-tramites-para-realizar-dni-en-el-cic","status":"publish","type":"post","link":"https:\/\/eldiariodesanpedro.com.ar\/sitio\/el-renaper-estara-realizando-tramites-para-realizar-dni-en-el-cic\/","title":{"rendered":"El RENAPER estar\u00e1 realizando tramites para realizar DNI en el CIC"},"content":{"rendered":"<!-- VideographyWP Plugin Message: Automatic video embedding prevented by plugin options. -->\n\n<p>Esta semana llega a San Pedro el operativo m\u00f3vil del Registro Nacional de las Personas (RENAPER), permitiendo el acceso de manera directa y \u00e1gil a los tr\u00e1mites de DNI, Pasaportes y Certificados de Pre-Identificaci\u00f3n a los vecinos y vecinas de nuestra ciudad.<\/p>\n\n\n\n<p>El lugar dispuesto para el operativo ser\u00e1 el Centro Integrador Comunitario situado en la intersecci\u00f3n de las calles Casella y Hermano Indio, desde el lunes 12 de Julio al viernes 16 en el horario de 9.00 a 17.00 hs.<\/p>\n\n\n\n<p>Los turnos ser\u00e1n otorgados en el momento y el costo de los tr\u00e1mites deber\u00e1 abonarse en efectivo, el precio para realizar el DNI es de $300 y el de los Pasaportes $1500. Para m\u00e1s informaci\u00f3n ingresar a <a href=\"http:\/\/www.argentina.gob.ar\/interior\/renaper\">www.argentina.gob.ar\/interior\/renaper<\/a><\/p>\n\n\n\n<figure class=\"wp-block-image size-large\"><img decoding=\"async\" width=\"1024\" height=\"1024\" data-attachment-id=\"95565\" data-permalink=\"https:\/\/eldiariodesanpedro.com.ar\/sitio\/el-renaper-estara-realizando-tramites-para-realizar-dni-en-el-cic\/whatsapp-image-2021-07-10-at-13-11-22\/\" data-orig-file=\"https:\/\/eldiariodesanpedro.com.ar\/sitio\/wp-content\/uploads\/2021\/07\/WhatsApp-Image-2021-07-10-at-13.11.22.jpeg\" data-orig-size=\"1200,1200\" data-comments-opened=\"1\" data-image-meta=\"{&quot;aperture&quot;:&quot;0&quot;,&quot;credit&quot;:&quot;&quot;,&quot;camera&quot;:&quot;&quot;,&quot;caption&quot;:&quot;&quot;,&quot;created_timestamp&quot;:&quot;0&quot;,&quot;copyright&quot;:&quot;&quot;,&quot;focal_length&quot;:&quot;0&quot;,&quot;iso&quot;:&quot;0&quot;,&quot;shutter_speed&quot;:&quot;0&quot;,&quot;title&quot;:&quot;&quot;,&quot;orientation&quot;:&quot;0&quot;}\" data-image-title=\"WhatsApp-Image-2021-07-10-at-13.11.22\" data-image-description=\"\" data-image-caption=\"\" data-large-file=\"https:\/\/eldiariodesanpedro.com.ar\/sitio\/wp-content\/uploads\/2021\/07\/WhatsApp-Image-2021-07-10-at-13.11.22-1024x1024.jpeg\" data-src=\"https:\/\/eldiariodesanpedro.com.ar\/sitio\/wp-content\/uploads\/2021\/07\/WhatsApp-Image-2021-07-10-at-13.11.22-1024x1024.jpeg\" alt=\"\" class=\"wp-image-95565 lazyload\" data-srcset=\"https:\/\/eldiariodesanpedro.com.ar\/sitio\/wp-content\/uploads\/2021\/07\/WhatsApp-Image-2021-07-10-at-13.11.22-1024x1024.jpeg 1024w, https:\/\/eldiariodesanpedro.com.ar\/sitio\/wp-content\/uploads\/2021\/07\/WhatsApp-Image-2021-07-10-at-13.11.22-300x300.jpeg 300w, https:\/\/eldiariodesanpedro.com.ar\/sitio\/wp-content\/uploads\/2021\/07\/WhatsApp-Image-2021-07-10-at-13.11.22-150x150.jpeg 150w, https:\/\/eldiariodesanpedro.com.ar\/sitio\/wp-content\/uploads\/2021\/07\/WhatsApp-Image-2021-07-10-at-13.11.22-768x768.jpeg 768w, https:\/\/eldiariodesanpedro.com.ar\/sitio\/wp-content\/uploads\/2021\/07\/WhatsApp-Image-2021-07-10-at-13.11.22.jpeg 1200w\" data-sizes=\"(max-width: 1024px) 100vw, 1024px\" src=\"data:image\/svg+xml;base64,PHN2ZyB3aWR0aD0iMSIgaGVpZ2h0PSIxIiB4bWxucz0iaHR0cDovL3d3dy53My5vcmcvMjAwMC9zdmciPjwvc3ZnPg==\" style=\"--smush-placeholder-width: 1024px; --smush-placeholder-aspect-ratio: 1024\/1024;\" \/><\/figure>\n","protected":false},"excerpt":{"rendered":"<p>Esta semana llega a San Pedro el operativo m\u00f3vil del Registro Nacional de las Personas (RENAPER), permitiendo el acceso de manera directa y \u00e1gil a los tr\u00e1mites de DNI, Pasaportes y Certificados de Pre-Identificaci\u00f3n a los vecinos y vecinas de nuestra ciudad. El lugar dispuesto para el operativo ser\u00e1 el Centro Integrador Comunitario situado en [&hellip;]<\/p>\n","protected":false},"author":4,"featured_media":95561,"comment_status":"open","ping_status":"closed","sticky":false,"template":"","format":"standard","meta":{"om_disable_all_campaigns":false,"_jetpack_memberships_contains_paid_content":false,"footnotes":""},"categories":[101,2],"tags":[],"class_list":["post-95560","post","type-post","status-publish","format-standard","has-post-thumbnail","hentry","category-interes-general-locales","category-locales"],"aioseo_notices":[],"gutentor_comment":0,"jetpack_featured_media_url":"https:\/\/eldiariodesanpedro.com.ar\/sitio\/wp-content\/uploads\/2021\/07\/126343_620.jpg","jetpack_shortlink":"https:\/\/wp.me\/p6RhLt-oRi","jetpack_sharing_enabled":true,"_links":{"self":[{"href":"https:\/\/eldiariodesanpedro.com.ar\/sitio\/wp-json\/wp\/v2\/posts\/95560","targetHints":{"allow":["GET"]}}],"collection":[{"href":"https:\/\/eldiariodesanpedro.com.ar\/sitio\/wp-json\/wp\/v2\/posts"}],"about":[{"href":"https:\/\/eldiariodesanpedro.com.ar\/sitio\/wp-json\/wp\/v2\/types\/post"}],"author":[{"embeddable":true,"href":"https:\/\/eldiariodesanpedro.com.ar\/sitio\/wp-json\/wp\/v2\/users\/4"}],"replies":[{"embeddable":true,"href":"https:\/\/eldiariodesanpedro.com.ar\/sitio\/wp-json\/wp\/v2\/comments?post=95560"}],"version-history":[{"count":2,"href":"https:\/\/eldiariodesanpedro.com.ar\/sitio\/wp-json\/wp\/v2\/posts\/95560\/revisions"}],"predecessor-version":[{"id":95566,"href":"https:\/\/eldiariodesanpedro.com.ar\/sitio\/wp-json\/wp\/v2\/posts\/95560\/revisions\/95566"}],"wp:featuredmedia":[{"embeddable":true,"href":"https:\/\/eldiariodesanpedro.com.ar\/sitio\/wp-json\/wp\/v2\/media\/95561"}],"wp:attachment":[{"href":"https:\/\/eldiariodesanpedro.com.ar\/sitio\/wp-json\/wp\/v2\/media?parent=95560"}],"wp:term":[{"taxonomy":"category","embeddable":true,"href":"https:\/\/eldiariodesanpedro.com.ar\/sitio\/wp-json\/wp\/v2\/categories?post=95560"},{"taxonomy":"post_tag","embeddable":true,"href":"https:\/\/eldiariodesanpedro.com.ar\/sitio\/wp-json\/wp\/v2\/tags?post=95560"}],"curies":[{"name":"wp","href":"https:\/\/api.w.org\/{rel}","templated":true}]}}