{"id":95539,"date":"2021-07-11T19:27:48","date_gmt":"2021-07-11T22:27:48","guid":{"rendered":"https:\/\/eldiariodesanpedro.com.ar\/sitio\/?p=95539"},"modified":"2026-01-23T23:52:24","modified_gmt":"2026-01-24T02:52:24","slug":"el-morro-termino-decimo-en-el-tcp-en-concordia","status":"publish","type":"post","link":"https:\/\/eldiariodesanpedro.com.ar\/sitio\/el-morro-termino-decimo-en-el-tcp-en-concordia\/","title":{"rendered":"El Morro termino decimo en el TCP en Concordia"},"content":{"rendered":"<!-- VideographyWP Plugin Message: Automatic video embedding prevented by plugin options. -->\n\n<p>Este domingo se corri\u00f3 una nueva fecha del TC Pista en la localidad de Concordia de la provincia de Entre Rios y el piloto sampedrino termino en la 10\u00ba posici\u00f3n sumando nuevamente puntos para el campeonato en el cual se encuentra 26 con 114 puntos.<\/p>\n\n\n\n<p><strong>Facundo Chapur<\/strong>&nbsp;obtuvo este domingo su primer triunfo en&nbsp;<strong>TC Pista<\/strong>, en el&nbsp;<strong>aut\u00f3dromo Ciudad de Concordia<\/strong>, donde se llev\u00f3 a cabo la s\u00e9ptima fecha del campeonato. El piloto cordob\u00e9s se subi\u00f3 por primera vez a lo m\u00e1s alto del podio de la categor\u00eda con una actuaci\u00f3n contundente, que tambi\u00e9n incluy\u00f3 una victoria en su serie, la m\u00e1s veloz de la ma\u00f1ana.<\/p>\n\n\n\n<p>En la final, el cordob\u00e9s&nbsp;<strong>Chapur&nbsp;<\/strong>se escap\u00f3 en la punta con su Torino y tuvo su bautismo ganador en&nbsp;<strong>TC Pista<\/strong>, en su s\u00e9ptima participaci\u00f3n. Segundo termin\u00f3&nbsp;<strong>Otto Fritzler<\/strong>, con&nbsp;<strong>Ford<\/strong>.<\/p>\n\n\n\n<p>Al tercer escal\u00f3n del podio se subi\u00f3&nbsp;<strong>Agust\u00edn De Brabandere<\/strong>, con otra unidad de la marca del \u00f3valo. El puntero del campeonato,&nbsp;<strong>Federico Iribarne<\/strong>, termin\u00f3 cuarto con su&nbsp;<strong>Chevrolet<\/strong>.<\/p>\n\n\n\n<p>La pr\u00f3xima fecha, octava del calendario, se disputar\u00e1 en el aut\u00f3dromo de Villicum, provincia de\u00a0<strong>San Juan<\/strong>, el 1\u00ba de agosto.<\/p>\n\n\n\n<figure class=\"wp-block-embed is-type-rich is-provider-instagram wp-block-embed-instagram\"><div class=\"wp-block-embed__wrapper\">\nhttps:\/\/www.instagram.com\/p\/CRM1llptEZE\/?utm_source=ig_web_copy_link\n<\/div><\/figure>\n","protected":false},"excerpt":{"rendered":"<p>Este domingo se corri\u00f3 una nueva fecha del TC Pista en la localidad de Concordia de la provincia de Entre Rios y el piloto sampedrino termino en la 10\u00ba posici\u00f3n sumando nuevamente puntos para el campeonato en el cual se encuentra 26 con 114 puntos. Facundo Chapur&nbsp;obtuvo este domingo su primer triunfo en&nbsp;TC Pista, en [&hellip;]<\/p>\n","protected":false},"author":4,"featured_media":95540,"comment_status":"open","ping_status":"closed","sticky":false,"template":"","format":"standard","meta":{"om_disable_all_campaigns":false,"_jetpack_memberships_contains_paid_content":false,"footnotes":""},"categories":[5,101,2],"tags":[],"class_list":["post-95539","post","type-post","status-publish","format-standard","has-post-thumbnail","hentry","category-deportes","category-interes-general-locales","category-locales"],"aioseo_notices":[],"gutentor_comment":0,"jetpack_featured_media_url":"https:\/\/eldiariodesanpedro.com.ar\/sitio\/wp-content\/uploads\/2021\/07\/213831662_943113876480952_4967994651725873974_n.jpg","jetpack_shortlink":"https:\/\/wp.me\/p6RhLt-oQX","jetpack_sharing_enabled":true,"_links":{"self":[{"href":"https:\/\/eldiariodesanpedro.com.ar\/sitio\/wp-json\/wp\/v2\/posts\/95539","targetHints":{"allow":["GET"]}}],"collection":[{"href":"https:\/\/eldiariodesanpedro.com.ar\/sitio\/wp-json\/wp\/v2\/posts"}],"about":[{"href":"https:\/\/eldiariodesanpedro.com.ar\/sitio\/wp-json\/wp\/v2\/types\/post"}],"author":[{"embeddable":true,"href":"https:\/\/eldiariodesanpedro.com.ar\/sitio\/wp-json\/wp\/v2\/users\/4"}],"replies":[{"embeddable":true,"href":"https:\/\/eldiariodesanpedro.com.ar\/sitio\/wp-json\/wp\/v2\/comments?post=95539"}],"version-history":[{"count":1,"href":"https:\/\/eldiariodesanpedro.com.ar\/sitio\/wp-json\/wp\/v2\/posts\/95539\/revisions"}],"predecessor-version":[{"id":95541,"href":"https:\/\/eldiariodesanpedro.com.ar\/sitio\/wp-json\/wp\/v2\/posts\/95539\/revisions\/95541"}],"wp:featuredmedia":[{"embeddable":true,"href":"https:\/\/eldiariodesanpedro.com.ar\/sitio\/wp-json\/wp\/v2\/media\/95540"}],"wp:attachment":[{"href":"https:\/\/eldiariodesanpedro.com.ar\/sitio\/wp-json\/wp\/v2\/media?parent=95539"}],"wp:term":[{"taxonomy":"category","embeddable":true,"href":"https:\/\/eldiariodesanpedro.com.ar\/sitio\/wp-json\/wp\/v2\/categories?post=95539"},{"taxonomy":"post_tag","embeddable":true,"href":"https:\/\/eldiariodesanpedro.com.ar\/sitio\/wp-json\/wp\/v2\/tags?post=95539"}],"curies":[{"name":"wp","href":"https:\/\/api.w.org\/{rel}","templated":true}]}}