{"id":95525,"date":"2021-07-11T19:13:46","date_gmt":"2021-07-11T22:13:46","guid":{"rendered":"https:\/\/eldiariodesanpedro.com.ar\/sitio\/?p=95525"},"modified":"2026-01-23T23:52:26","modified_gmt":"2026-01-24T02:52:26","slug":"gran-actuacion-de-delfina-kuttel-y-de-la-flota-del-club-en-el-campeonato-de-invierno-organizado-por-el-yca","status":"publish","type":"post","link":"https:\/\/eldiariodesanpedro.com.ar\/sitio\/gran-actuacion-de-delfina-kuttel-y-de-la-flota-del-club-en-el-campeonato-de-invierno-organizado-por-el-yca\/","title":{"rendered":"Gran actuaci\u00f3n de Delfina Kuttel y de la flota del club en el Campeonato de Invierno organizado por el YCA"},"content":{"rendered":"<!-- VideographyWP Plugin Message: Automatic video embedding prevented by plugin options. -->\n\n<p>Finaliz\u00f3 en Campeonato de Oto\u00f1o organizado por el YCA con la participaci\u00f3n de una flota de la Escuela del Club N\u00e1utico San Pedro.<\/p>\n\n\n\n<p>El equipo del club a cargo de Guido Pozzi y Lautaro Corti concurri\u00f3 con una delegaci\u00f3n que obtuvo muy buenos resultados.<\/p>\n\n\n\n<p>En timoneles con un gran campeonato gan\u00f3 la sampedrina Delfina Kuttel y luego se ubicaron 22\u00ba Francisco G\u00f3mez, 35\u00ba Bruno Drago, 96\u00ba Joaqu\u00edn J\u00e1uregui y 118\u00ba Juan Cha Vaccari, entre 142 participantes.<\/p>\n\n\n\n<p>En principiantes fue 9\u00ba Catalina G\u00f3mez, 13\u00ba Roc\u00edo Uget, 66\u00ba Emma Berruet, 78\u00ba Ivo Tommasi y 85\u00ba Andr\u00e9 Drago.<\/p>\n\n\n\n<p>En 29er, los sampedrinos Marco Limardo y Lucio Fenouil fueron segundos tambi\u00e9n haciendo un gran campeonato.<\/p>\n\n\n\n<p>Se cerr\u00f3 un excelente fin de semana volviendo a navegar en competencia a la espera de que todos los campeonatos se vayan normalizando.<\/p>\n\n\n\n<figure class=\"wp-block-image size-large\"><img decoding=\"async\" width=\"461\" height=\"1024\" data-attachment-id=\"95526\" data-permalink=\"https:\/\/eldiariodesanpedro.com.ar\/sitio\/gran-actuacion-de-delfina-kuttel-y-de-la-flota-del-club-en-el-campeonato-de-invierno-organizado-por-el-yca\/whatsapp-image-2021-07-11-at-18-36-16\/\" data-orig-file=\"https:\/\/eldiariodesanpedro.com.ar\/sitio\/wp-content\/uploads\/2021\/07\/WhatsApp-Image-2021-07-11-at-18.36.16.jpeg\" data-orig-size=\"720,1600\" data-comments-opened=\"1\" data-image-meta=\"{&quot;aperture&quot;:&quot;0&quot;,&quot;credit&quot;:&quot;&quot;,&quot;camera&quot;:&quot;&quot;,&quot;caption&quot;:&quot;&quot;,&quot;created_timestamp&quot;:&quot;0&quot;,&quot;copyright&quot;:&quot;&quot;,&quot;focal_length&quot;:&quot;0&quot;,&quot;iso&quot;:&quot;0&quot;,&quot;shutter_speed&quot;:&quot;0&quot;,&quot;title&quot;:&quot;&quot;,&quot;orientation&quot;:&quot;0&quot;}\" data-image-title=\"WhatsApp-Image-2021-07-11-at-18.36.16\" data-image-description=\"\" data-image-caption=\"\" data-large-file=\"https:\/\/eldiariodesanpedro.com.ar\/sitio\/wp-content\/uploads\/2021\/07\/WhatsApp-Image-2021-07-11-at-18.36.16-461x1024.jpeg\" data-src=\"https:\/\/eldiariodesanpedro.com.ar\/sitio\/wp-content\/uploads\/2021\/07\/WhatsApp-Image-2021-07-11-at-18.36.16-461x1024.jpeg\" alt=\"\" class=\"wp-image-95526 lazyload\" data-srcset=\"https:\/\/eldiariodesanpedro.com.ar\/sitio\/wp-content\/uploads\/2021\/07\/WhatsApp-Image-2021-07-11-at-18.36.16-461x1024.jpeg 461w, https:\/\/eldiariodesanpedro.com.ar\/sitio\/wp-content\/uploads\/2021\/07\/WhatsApp-Image-2021-07-11-at-18.36.16-135x300.jpeg 135w, https:\/\/eldiariodesanpedro.com.ar\/sitio\/wp-content\/uploads\/2021\/07\/WhatsApp-Image-2021-07-11-at-18.36.16-691x1536.jpeg 691w, https:\/\/eldiariodesanpedro.com.ar\/sitio\/wp-content\/uploads\/2021\/07\/WhatsApp-Image-2021-07-11-at-18.36.16.jpeg 720w\" data-sizes=\"(max-width: 461px) 100vw, 461px\" src=\"data:image\/svg+xml;base64,PHN2ZyB3aWR0aD0iMSIgaGVpZ2h0PSIxIiB4bWxucz0iaHR0cDovL3d3dy53My5vcmcvMjAwMC9zdmciPjwvc3ZnPg==\" style=\"--smush-placeholder-width: 461px; --smush-placeholder-aspect-ratio: 461\/1024;\" \/><\/figure>\n\n\n\n<figure class=\"wp-block-image size-large\"><img decoding=\"async\" width=\"766\" height=\"1024\" data-attachment-id=\"95527\" data-permalink=\"https:\/\/eldiariodesanpedro.com.ar\/sitio\/gran-actuacion-de-delfina-kuttel-y-de-la-flota-del-club-en-el-campeonato-de-invierno-organizado-por-el-yca\/whatsapp-image-2021-07-11-at-18-36-18\/\" data-orig-file=\"https:\/\/eldiariodesanpedro.com.ar\/sitio\/wp-content\/uploads\/2021\/07\/WhatsApp-Image-2021-07-11-at-18.36.18.jpeg\" data-orig-size=\"957,1280\" data-comments-opened=\"1\" data-image-meta=\"{&quot;aperture&quot;:&quot;0&quot;,&quot;credit&quot;:&quot;&quot;,&quot;camera&quot;:&quot;&quot;,&quot;caption&quot;:&quot;&quot;,&quot;created_timestamp&quot;:&quot;0&quot;,&quot;copyright&quot;:&quot;&quot;,&quot;focal_length&quot;:&quot;0&quot;,&quot;iso&quot;:&quot;0&quot;,&quot;shutter_speed&quot;:&quot;0&quot;,&quot;title&quot;:&quot;&quot;,&quot;orientation&quot;:&quot;0&quot;}\" data-image-title=\"WhatsApp-Image-2021-07-11-at-18.36.18\" data-image-description=\"\" data-image-caption=\"\" data-large-file=\"https:\/\/eldiariodesanpedro.com.ar\/sitio\/wp-content\/uploads\/2021\/07\/WhatsApp-Image-2021-07-11-at-18.36.18-766x1024.jpeg\" data-src=\"https:\/\/eldiariodesanpedro.com.ar\/sitio\/wp-content\/uploads\/2021\/07\/WhatsApp-Image-2021-07-11-at-18.36.18-766x1024.jpeg\" alt=\"\" class=\"wp-image-95527 lazyload\" data-srcset=\"https:\/\/eldiariodesanpedro.com.ar\/sitio\/wp-content\/uploads\/2021\/07\/WhatsApp-Image-2021-07-11-at-18.36.18-766x1024.jpeg 766w, https:\/\/eldiariodesanpedro.com.ar\/sitio\/wp-content\/uploads\/2021\/07\/WhatsApp-Image-2021-07-11-at-18.36.18-224x300.jpeg 224w, https:\/\/eldiariodesanpedro.com.ar\/sitio\/wp-content\/uploads\/2021\/07\/WhatsApp-Image-2021-07-11-at-18.36.18-768x1027.jpeg 768w, https:\/\/eldiariodesanpedro.com.ar\/sitio\/wp-content\/uploads\/2021\/07\/WhatsApp-Image-2021-07-11-at-18.36.18.jpeg 957w\" data-sizes=\"(max-width: 766px) 100vw, 766px\" src=\"data:image\/svg+xml;base64,PHN2ZyB3aWR0aD0iMSIgaGVpZ2h0PSIxIiB4bWxucz0iaHR0cDovL3d3dy53My5vcmcvMjAwMC9zdmciPjwvc3ZnPg==\" style=\"--smush-placeholder-width: 766px; --smush-placeholder-aspect-ratio: 766\/1024;\" \/><\/figure>\n","protected":false},"excerpt":{"rendered":"<p>Finaliz\u00f3 en Campeonato de Oto\u00f1o organizado por el YCA con la participaci\u00f3n de una flota de la Escuela del Club N\u00e1utico San Pedro. El equipo del club a cargo de Guido Pozzi y Lautaro Corti concurri\u00f3 con una delegaci\u00f3n que obtuvo muy buenos resultados. En timoneles con un gran campeonato gan\u00f3 la sampedrina Delfina Kuttel [&hellip;]<\/p>\n","protected":false},"author":4,"featured_media":95528,"comment_status":"open","ping_status":"closed","sticky":false,"template":"","format":"standard","meta":{"om_disable_all_campaigns":false,"_jetpack_memberships_contains_paid_content":false,"footnotes":""},"categories":[5],"tags":[],"class_list":["post-95525","post","type-post","status-publish","format-standard","has-post-thumbnail","hentry","category-deportes"],"aioseo_notices":[],"gutentor_comment":0,"jetpack_featured_media_url":"https:\/\/eldiariodesanpedro.com.ar\/sitio\/wp-content\/uploads\/2021\/07\/WhatsApp-Image-2021-07-11-at-18.36.16-1.jpeg","jetpack_shortlink":"https:\/\/wp.me\/p6RhLt-oQJ","jetpack_sharing_enabled":true,"_links":{"self":[{"href":"https:\/\/eldiariodesanpedro.com.ar\/sitio\/wp-json\/wp\/v2\/posts\/95525","targetHints":{"allow":["GET"]}}],"collection":[{"href":"https:\/\/eldiariodesanpedro.com.ar\/sitio\/wp-json\/wp\/v2\/posts"}],"about":[{"href":"https:\/\/eldiariodesanpedro.com.ar\/sitio\/wp-json\/wp\/v2\/types\/post"}],"author":[{"embeddable":true,"href":"https:\/\/eldiariodesanpedro.com.ar\/sitio\/wp-json\/wp\/v2\/users\/4"}],"replies":[{"embeddable":true,"href":"https:\/\/eldiariodesanpedro.com.ar\/sitio\/wp-json\/wp\/v2\/comments?post=95525"}],"version-history":[{"count":1,"href":"https:\/\/eldiariodesanpedro.com.ar\/sitio\/wp-json\/wp\/v2\/posts\/95525\/revisions"}],"predecessor-version":[{"id":95529,"href":"https:\/\/eldiariodesanpedro.com.ar\/sitio\/wp-json\/wp\/v2\/posts\/95525\/revisions\/95529"}],"wp:featuredmedia":[{"embeddable":true,"href":"https:\/\/eldiariodesanpedro.com.ar\/sitio\/wp-json\/wp\/v2\/media\/95528"}],"wp:attachment":[{"href":"https:\/\/eldiariodesanpedro.com.ar\/sitio\/wp-json\/wp\/v2\/media?parent=95525"}],"wp:term":[{"taxonomy":"category","embeddable":true,"href":"https:\/\/eldiariodesanpedro.com.ar\/sitio\/wp-json\/wp\/v2\/categories?post=95525"},{"taxonomy":"post_tag","embeddable":true,"href":"https:\/\/eldiariodesanpedro.com.ar\/sitio\/wp-json\/wp\/v2\/tags?post=95525"}],"curies":[{"name":"wp","href":"https:\/\/api.w.org\/{rel}","templated":true}]}}