{"id":95503,"date":"2021-07-11T17:17:58","date_gmt":"2021-07-11T20:17:58","guid":{"rendered":"https:\/\/eldiariodesanpedro.com.ar\/sitio\/?p=95503"},"modified":"2021-07-11T17:18:03","modified_gmt":"2021-07-11T20:18:03","slug":"san-pedro-salio-a-las-calles-para-festejar-el-campeonato-de-la-seleccion","status":"publish","type":"post","link":"https:\/\/eldiariodesanpedro.com.ar\/sitio\/san-pedro-salio-a-las-calles-para-festejar-el-campeonato-de-la-seleccion\/","title":{"rendered":"San Pedro sali\u00f3 a las calles para festejar el campeonato de la selecci\u00f3n"},"content":{"rendered":"<!-- VideographyWP Plugin Message: Automatic video embedding prevented by plugin options. -->\n\n<p>El equipo de Leonel Scaloni derrot\u00f3 a la selecci\u00f3n de Brasil por 1 a 0 y se adjudic\u00f3 el m\u00e1ximo certamen continental despu\u00e9s de 28 a\u00f1os. Una multitud celebr\u00f3 la consagraci\u00f3n en el centro de la ciudad. <\/p>\n\n\n\n<p>En un pa\u00eds futbolero y que esperaba un momento como este San Pedro no fue la excepci\u00f3n y ni bien se escuch\u00f3 el pitazo final cientos de vecinos saltaron a las calles para celebrar la consagraci\u00f3n del equipo liderado por Lionel Messi.<\/p>\n\n\n\n<p>La selecci\u00f3n Argentina le gan\u00f3 la final de la Copa Am\u00e9rica 2021 a Brasil en el mism\u00edsimo Maracan\u00e1 por 1 a 0 con gol de Angel Di Mar\u00eda y fue campe\u00f3n despu\u00e9s de 28 a\u00f1os.<\/p>\n\n\n\n<p>A muchos le trajo recuerdos enormes y la presencia de las familias saltando en la esquina de Mitre y Obligado o la interminable caravana por el centro de la ciudad rememor\u00f3&nbsp;aquellas im\u00e1genes de los mundiales de Argentina &#8217;78 o M\u00e9xico &#8217;86 cuando sucedi\u00f3 exactamente lo mismo.&nbsp;<\/p>\n\n\n\n<p>Argentina, en el estadio\u00a0Maracan\u00e1\u00a0de\u00a0R\u00edo de Janeiro,\u00a0logr\u00f3 la haza\u00f1a de imponerse 1-0 al anfitri\u00f3n Brasil, consagr\u00e1ndose campe\u00f3n de la\u00a0Copa Am\u00e9rica\u00a0y\u00a0cortando una racha de\u00a028 a\u00f1os sin t\u00edtulos a nivel mayores.<\/p>\n\n\n\n<iframe data-src=\"https:\/\/www.facebook.com\/plugins\/post.php?href=https%3A%2F%2Fwww.facebook.com%2Feldiario.desanpedro%2Fposts%2F1602485329960600&#038;show_text=true&#038;width=500\" width=\"500\" height=\"664\" style=\"border:none;overflow:hidden\" scrolling=\"no\" frameborder=\"0\" allowfullscreen=\"true\" allow=\"autoplay; clipboard-write; encrypted-media; picture-in-picture; web-share\" src=\"data:image\/svg+xml;base64,PHN2ZyB3aWR0aD0iMSIgaGVpZ2h0PSIxIiB4bWxucz0iaHR0cDovL3d3dy53My5vcmcvMjAwMC9zdmciPjwvc3ZnPg==\" class=\"lazyload\" data-load-mode=\"1\"><\/iframe>\n\n\n\n<iframe data-src=\"https:\/\/www.facebook.com\/plugins\/video.php?height=288&#038;href=https%3A%2F%2Fwww.facebook.com%2Feldiario.desanpedro%2Fvideos%2F982636575835701%2F&#038;show_text=false&#038;width=560&#038;t=0\" width=\"560\" height=\"288\" style=\"border:none;overflow:hidden\" scrolling=\"no\" frameborder=\"0\" allowfullscreen=\"true\" allow=\"autoplay; clipboard-write; encrypted-media; picture-in-picture; web-share\" allowFullScreen=\"true\" src=\"data:image\/svg+xml;base64,PHN2ZyB3aWR0aD0iMSIgaGVpZ2h0PSIxIiB4bWxucz0iaHR0cDovL3d3dy53My5vcmcvMjAwMC9zdmciPjwvc3ZnPg==\" class=\"lazyload\" data-load-mode=\"1\"><\/iframe>\n","protected":false},"excerpt":{"rendered":"<p>El equipo de Leonel Scaloni derrot\u00f3 a la selecci\u00f3n de Brasil por 1 a 0 y se adjudic\u00f3 el m\u00e1ximo certamen continental despu\u00e9s de 28 a\u00f1os. Una multitud celebr\u00f3 la consagraci\u00f3n en el centro de la ciudad. En un pa\u00eds futbolero y que esperaba un momento como este San Pedro no fue la excepci\u00f3n y [&hellip;]<\/p>\n","protected":false},"author":4,"featured_media":95504,"comment_status":"open","ping_status":"closed","sticky":false,"template":"","format":"standard","meta":{"om_disable_all_campaigns":false,"_jetpack_memberships_contains_paid_content":false,"footnotes":""},"categories":[50,101,2],"tags":[],"class_list":["post-95503","post","type-post","status-publish","format-standard","has-post-thumbnail","hentry","category-destacadas","category-interes-general-locales","category-locales"],"aioseo_notices":[],"gutentor_comment":0,"jetpack_featured_media_url":"https:\/\/eldiariodesanpedro.com.ar\/sitio\/wp-content\/uploads\/2021\/07\/212681319_1602477389961394_275327469911247535_n.jpg","jetpack_shortlink":"https:\/\/wp.me\/p6RhLt-oQn","jetpack_sharing_enabled":true,"_links":{"self":[{"href":"https:\/\/eldiariodesanpedro.com.ar\/sitio\/wp-json\/wp\/v2\/posts\/95503","targetHints":{"allow":["GET"]}}],"collection":[{"href":"https:\/\/eldiariodesanpedro.com.ar\/sitio\/wp-json\/wp\/v2\/posts"}],"about":[{"href":"https:\/\/eldiariodesanpedro.com.ar\/sitio\/wp-json\/wp\/v2\/types\/post"}],"author":[{"embeddable":true,"href":"https:\/\/eldiariodesanpedro.com.ar\/sitio\/wp-json\/wp\/v2\/users\/4"}],"replies":[{"embeddable":true,"href":"https:\/\/eldiariodesanpedro.com.ar\/sitio\/wp-json\/wp\/v2\/comments?post=95503"}],"version-history":[{"count":1,"href":"https:\/\/eldiariodesanpedro.com.ar\/sitio\/wp-json\/wp\/v2\/posts\/95503\/revisions"}],"predecessor-version":[{"id":95505,"href":"https:\/\/eldiariodesanpedro.com.ar\/sitio\/wp-json\/wp\/v2\/posts\/95503\/revisions\/95505"}],"wp:featuredmedia":[{"embeddable":true,"href":"https:\/\/eldiariodesanpedro.com.ar\/sitio\/wp-json\/wp\/v2\/media\/95504"}],"wp:attachment":[{"href":"https:\/\/eldiariodesanpedro.com.ar\/sitio\/wp-json\/wp\/v2\/media?parent=95503"}],"wp:term":[{"taxonomy":"category","embeddable":true,"href":"https:\/\/eldiariodesanpedro.com.ar\/sitio\/wp-json\/wp\/v2\/categories?post=95503"},{"taxonomy":"post_tag","embeddable":true,"href":"https:\/\/eldiariodesanpedro.com.ar\/sitio\/wp-json\/wp\/v2\/tags?post=95503"}],"curies":[{"name":"wp","href":"https:\/\/api.w.org\/{rel}","templated":true}]}}