{"id":95485,"date":"2021-07-10T15:13:47","date_gmt":"2021-07-10T18:13:47","guid":{"rendered":"https:\/\/eldiariodesanpedro.com.ar\/sitio\/?p=95485"},"modified":"2021-07-10T15:13:51","modified_gmt":"2021-07-10T18:13:51","slug":"impresionante-columna-de-humo-por-quema-en-las-islas","status":"publish","type":"post","link":"https:\/\/eldiariodesanpedro.com.ar\/sitio\/impresionante-columna-de-humo-por-quema-en-las-islas\/","title":{"rendered":"Impresionante columna de humo por quema en las islas"},"content":{"rendered":"<!-- VideographyWP Plugin Message: Automatic video embedding prevented by plugin options. -->\n\n<p>El incendio que aparentemente comenz\u00f3 esta ma\u00f1ana se pudo ver desde diferente puntos de la ciudad, y tuvo lugar en la zona de las islas lechiguanas.<\/p>\n\n\n\n<p>A pesar de que se creo una ley nacional contra estos ejercicios los propietarios o tenedores siguen haciendo o\u00eddo sordos y continua la indiscriminada quema de pastizales sin tener en cuenta el da\u00f1o a la ecolog\u00eda regional.<\/p>\n","protected":false},"excerpt":{"rendered":"<p>El incendio que aparentemente comenz\u00f3 esta ma\u00f1ana se pudo ver desde diferente puntos de la ciudad, y tuvo lugar en la zona de las islas lechiguanas. A pesar de que se creo una ley nacional contra estos ejercicios los propietarios o tenedores siguen haciendo o\u00eddo sordos y continua la indiscriminada quema de pastizales sin tener [&hellip;]<\/p>\n","protected":false},"author":4,"featured_media":95486,"comment_status":"open","ping_status":"closed","sticky":false,"template":"","format":"standard","meta":{"om_disable_all_campaigns":false,"_jetpack_memberships_contains_paid_content":false,"footnotes":""},"categories":[50,101,2],"tags":[],"class_list":["post-95485","post","type-post","status-publish","format-standard","has-post-thumbnail","hentry","category-destacadas","category-interes-general-locales","category-locales"],"aioseo_notices":[],"gutentor_comment":0,"jetpack_featured_media_url":"https:\/\/eldiariodesanpedro.com.ar\/sitio\/wp-content\/uploads\/2021\/07\/WhatsApp-Image-2021-07-10-at-14.55.24.jpeg","jetpack_shortlink":"https:\/\/wp.me\/p6RhLt-oQ5","jetpack_sharing_enabled":true,"_links":{"self":[{"href":"https:\/\/eldiariodesanpedro.com.ar\/sitio\/wp-json\/wp\/v2\/posts\/95485","targetHints":{"allow":["GET"]}}],"collection":[{"href":"https:\/\/eldiariodesanpedro.com.ar\/sitio\/wp-json\/wp\/v2\/posts"}],"about":[{"href":"https:\/\/eldiariodesanpedro.com.ar\/sitio\/wp-json\/wp\/v2\/types\/post"}],"author":[{"embeddable":true,"href":"https:\/\/eldiariodesanpedro.com.ar\/sitio\/wp-json\/wp\/v2\/users\/4"}],"replies":[{"embeddable":true,"href":"https:\/\/eldiariodesanpedro.com.ar\/sitio\/wp-json\/wp\/v2\/comments?post=95485"}],"version-history":[{"count":1,"href":"https:\/\/eldiariodesanpedro.com.ar\/sitio\/wp-json\/wp\/v2\/posts\/95485\/revisions"}],"predecessor-version":[{"id":95487,"href":"https:\/\/eldiariodesanpedro.com.ar\/sitio\/wp-json\/wp\/v2\/posts\/95485\/revisions\/95487"}],"wp:featuredmedia":[{"embeddable":true,"href":"https:\/\/eldiariodesanpedro.com.ar\/sitio\/wp-json\/wp\/v2\/media\/95486"}],"wp:attachment":[{"href":"https:\/\/eldiariodesanpedro.com.ar\/sitio\/wp-json\/wp\/v2\/media?parent=95485"}],"wp:term":[{"taxonomy":"category","embeddable":true,"href":"https:\/\/eldiariodesanpedro.com.ar\/sitio\/wp-json\/wp\/v2\/categories?post=95485"},{"taxonomy":"post_tag","embeddable":true,"href":"https:\/\/eldiariodesanpedro.com.ar\/sitio\/wp-json\/wp\/v2\/tags?post=95485"}],"curies":[{"name":"wp","href":"https:\/\/api.w.org\/{rel}","templated":true}]}}