{"id":95479,"date":"2021-07-10T11:26:57","date_gmt":"2021-07-10T14:26:57","guid":{"rendered":"https:\/\/eldiariodesanpedro.com.ar\/sitio\/?p=95479"},"modified":"2021-07-10T11:29:03","modified_gmt":"2021-07-10T14:29:03","slug":"dos-fiestas-clandestinas-desbaratadas-esta-madrugada-una-de-ellas-con-150-personas","status":"publish","type":"post","link":"https:\/\/eldiariodesanpedro.com.ar\/sitio\/dos-fiestas-clandestinas-desbaratadas-esta-madrugada-una-de-ellas-con-150-personas\/","title":{"rendered":"Dos fiestas clandestinas desbaratadas esta madrugada, una de ellas con 150 personas"},"content":{"rendered":"<!-- VideographyWP Plugin Message: Automatic video embedding prevented by plugin options. -->\n\n<p>En horas de la madrugada la polic\u00eda en conjunto con inspecci\u00f3n debieron intervenir en dos viviendas donde se desarrollaban eventos clandestinos.<\/p>\n\n\n\n<p>Seg\u00fan informo la polic\u00eda de nuestra ciudad en horas de la madrugada debi\u00f3 intervenir en dos fiestas clandestinas, en la primera tuvo lugar en una vivienda ubicada en calle Petrona Simonini 815 donde se encontraban reunidas mas de 150 personas y por la que se debio aprehender a una mujer de 39 a\u00f1os quien seria la organizadora.<\/p>\n\n\n\n<p>El seg\u00fan evento tuvo lugar en una vivienda ubicada en calle Presidente Per\u00f3n 880 donde tambi\u00e9n se realizaba una fiesta no permitida con alrededor de 30 personas, en este caso quedaron imputados dos ciudadanos 29 y 37 a\u00f1os. Lo mas grave de este caso es que varios de los presentes trataron de agredir con botellazos a los efectivos que realizaban su trabajo.<\/p>\n\n\n\n<p>En ambos casos los organizadores fueron informados de la creaci\u00f3n de una causa federal por la violaci\u00f3n al articulo 205 del DNU presidencial y adem\u00e1s de que se informara al Juzgado de Paz local donde se analizara una sanci\u00f3n econ\u00f3mica.<\/p>\n\n\n\n<iframe data-src=\"https:\/\/www.facebook.com\/plugins\/video.php?height=476&#038;href=https%3A%2F%2Fwww.facebook.com%2Feldiario.desanpedro%2Fvideos%2F402223088104064%2F&#038;show_text=false&#038;width=261&#038;t=0\" width=\"261\" height=\"476\" style=\"border:none;overflow:hidden\" scrolling=\"no\" frameborder=\"0\" allowfullscreen=\"true\" allow=\"autoplay; clipboard-write; encrypted-media; picture-in-picture; web-share\" allowFullScreen=\"true\" src=\"data:image\/svg+xml;base64,PHN2ZyB3aWR0aD0iMSIgaGVpZ2h0PSIxIiB4bWxucz0iaHR0cDovL3d3dy53My5vcmcvMjAwMC9zdmciPjwvc3ZnPg==\" class=\"lazyload\" data-load-mode=\"1\"><\/iframe>\n","protected":false},"excerpt":{"rendered":"<p>En horas de la madrugada la polic\u00eda en conjunto con inspecci\u00f3n debieron intervenir en dos viviendas donde se desarrollaban eventos clandestinos. Seg\u00fan informo la polic\u00eda de nuestra ciudad en horas de la madrugada debi\u00f3 intervenir en dos fiestas clandestinas, en la primera tuvo lugar en una vivienda ubicada en calle Petrona Simonini 815 donde se [&hellip;]<\/p>\n","protected":false},"author":4,"featured_media":95480,"comment_status":"open","ping_status":"closed","sticky":false,"template":"","format":"standard","meta":{"om_disable_all_campaigns":false,"_jetpack_memberships_contains_paid_content":false,"footnotes":""},"categories":[50,101,2],"tags":[],"class_list":["post-95479","post","type-post","status-publish","format-standard","has-post-thumbnail","hentry","category-destacadas","category-interes-general-locales","category-locales"],"aioseo_notices":[],"gutentor_comment":0,"jetpack_featured_media_url":"https:\/\/eldiariodesanpedro.com.ar\/sitio\/wp-content\/uploads\/2021\/07\/2021-07-10.png","jetpack_shortlink":"https:\/\/wp.me\/p6RhLt-oPZ","jetpack_sharing_enabled":true,"_links":{"self":[{"href":"https:\/\/eldiariodesanpedro.com.ar\/sitio\/wp-json\/wp\/v2\/posts\/95479","targetHints":{"allow":["GET"]}}],"collection":[{"href":"https:\/\/eldiariodesanpedro.com.ar\/sitio\/wp-json\/wp\/v2\/posts"}],"about":[{"href":"https:\/\/eldiariodesanpedro.com.ar\/sitio\/wp-json\/wp\/v2\/types\/post"}],"author":[{"embeddable":true,"href":"https:\/\/eldiariodesanpedro.com.ar\/sitio\/wp-json\/wp\/v2\/users\/4"}],"replies":[{"embeddable":true,"href":"https:\/\/eldiariodesanpedro.com.ar\/sitio\/wp-json\/wp\/v2\/comments?post=95479"}],"version-history":[{"count":2,"href":"https:\/\/eldiariodesanpedro.com.ar\/sitio\/wp-json\/wp\/v2\/posts\/95479\/revisions"}],"predecessor-version":[{"id":95482,"href":"https:\/\/eldiariodesanpedro.com.ar\/sitio\/wp-json\/wp\/v2\/posts\/95479\/revisions\/95482"}],"wp:featuredmedia":[{"embeddable":true,"href":"https:\/\/eldiariodesanpedro.com.ar\/sitio\/wp-json\/wp\/v2\/media\/95480"}],"wp:attachment":[{"href":"https:\/\/eldiariodesanpedro.com.ar\/sitio\/wp-json\/wp\/v2\/media?parent=95479"}],"wp:term":[{"taxonomy":"category","embeddable":true,"href":"https:\/\/eldiariodesanpedro.com.ar\/sitio\/wp-json\/wp\/v2\/categories?post=95479"},{"taxonomy":"post_tag","embeddable":true,"href":"https:\/\/eldiariodesanpedro.com.ar\/sitio\/wp-json\/wp\/v2\/tags?post=95479"}],"curies":[{"name":"wp","href":"https:\/\/api.w.org\/{rel}","templated":true}]}}