{"id":95469,"date":"2021-07-10T10:49:26","date_gmt":"2021-07-10T13:49:26","guid":{"rendered":"https:\/\/eldiariodesanpedro.com.ar\/sitio\/?p=95469"},"modified":"2021-07-10T10:49:30","modified_gmt":"2021-07-10T13:49:30","slug":"con-presencias-sampedrinas-los-ruralistas-y-dirigentes-opositores-realizan-un-banderazo-del-9-de-julio-en-san-nicolas-2","status":"publish","type":"post","link":"https:\/\/eldiariodesanpedro.com.ar\/sitio\/con-presencias-sampedrinas-los-ruralistas-y-dirigentes-opositores-realizan-un-banderazo-del-9-de-julio-en-san-nicolas-2\/","title":{"rendered":"Con presencias Sampedrinas, los ruralistas y dirigentes opositores realizan un banderazo del 9 de Julio en San Nicol\u00e1s"},"content":{"rendered":"<!-- VideographyWP Plugin Message: Automatic video embedding prevented by plugin options. -->\n\n<p>Con banderas argentinas y pancartas, miles de productores agropecuarios se acercaron al kil\u00f3metro 228 de la Ruta 9 en San Nicol\u00e1s, para participar del acto central del campo y otros sectores opositores contra las pol\u00edticas oficiales.<\/p>\n\n\n\n<p>La consigna central es \u00abCiudadanos movilizados en defensa de la producci\u00f3n, el trabajo y la educaci\u00f3n\u00bb. Adem\u00e1s de representantes de la agroindustria, est\u00e1n referentes de actividades como el turismo, la educaci\u00f3n, la gastronom\u00eda y la salud.<\/p>\n\n\n\n<p>Los productores autoconvocados levantaron un escenario con una gran bandera argentina, desde el cual se espera que se pronuncien algunos discursos con cuestionamientos al cierre parcial de las exportaciones de carne, la estatizaci\u00f3n de la hidrov\u00eda y el proyecto de ley sobre biocombustibles.<\/p>\n\n\n\n<p>Tambi\u00e9n se esperan fuertes cr\u00edticas hacia la pol\u00edtica sanitaria para enfrentar la pandemia de coronavirus, la compleja situaci\u00f3n educativa y social, y el cierre de pymes.<\/p>\n\n\n\n<p>Cientos de camionetas se observaban a la vera de la ruta 9 -une Buenos Aires con Rosario-, en las proximidades del lugar del acto. Los participantes portan banderas argentinas y pancartas con distintas consignas contra las pol\u00edticas oficiales.<\/p>\n\n\n\n<p>Desde San Pedro parti\u00f3 una comitiva con una gran cantidad de productores y partidos opositores al gobierno.<\/p>\n\n\n\n<figure class=\"wp-block-image size-large\"><img decoding=\"async\" width=\"540\" height=\"960\" data-attachment-id=\"95466\" data-permalink=\"https:\/\/eldiariodesanpedro.com.ar\/sitio\/214960532_10219926978026955_3173531369572171752_n\/\" data-orig-file=\"https:\/\/eldiariodesanpedro.com.ar\/sitio\/wp-content\/uploads\/2021\/07\/214960532_10219926978026955_3173531369572171752_n.jpg\" data-orig-size=\"540,960\" data-comments-opened=\"1\" data-image-meta=\"{&quot;aperture&quot;:&quot;0&quot;,&quot;credit&quot;:&quot;&quot;,&quot;camera&quot;:&quot;&quot;,&quot;caption&quot;:&quot;&quot;,&quot;created_timestamp&quot;:&quot;0&quot;,&quot;copyright&quot;:&quot;&quot;,&quot;focal_length&quot;:&quot;0&quot;,&quot;iso&quot;:&quot;0&quot;,&quot;shutter_speed&quot;:&quot;0&quot;,&quot;title&quot;:&quot;&quot;,&quot;orientation&quot;:&quot;0&quot;}\" data-image-title=\"214960532_10219926978026955_3173531369572171752_n\" data-image-description=\"\" data-image-caption=\"\" data-large-file=\"https:\/\/eldiariodesanpedro.com.ar\/sitio\/wp-content\/uploads\/2021\/07\/214960532_10219926978026955_3173531369572171752_n.jpg\" data-src=\"https:\/\/eldiariodesanpedro.com.ar\/sitio\/wp-content\/uploads\/2021\/07\/214960532_10219926978026955_3173531369572171752_n.jpg\" alt=\"\" class=\"wp-image-95466 lazyload\" data-srcset=\"https:\/\/eldiariodesanpedro.com.ar\/sitio\/wp-content\/uploads\/2021\/07\/214960532_10219926978026955_3173531369572171752_n.jpg 540w, https:\/\/eldiariodesanpedro.com.ar\/sitio\/wp-content\/uploads\/2021\/07\/214960532_10219926978026955_3173531369572171752_n-169x300.jpg 169w\" data-sizes=\"(max-width: 540px) 100vw, 540px\" src=\"data:image\/svg+xml;base64,PHN2ZyB3aWR0aD0iMSIgaGVpZ2h0PSIxIiB4bWxucz0iaHR0cDovL3d3dy53My5vcmcvMjAwMC9zdmciPjwvc3ZnPg==\" style=\"--smush-placeholder-width: 540px; --smush-placeholder-aspect-ratio: 540\/960;\" \/><\/figure>\n\n\n\n<figure class=\"wp-block-image size-large\"><img decoding=\"async\" width=\"540\" height=\"960\" data-attachment-id=\"95465\" data-permalink=\"https:\/\/eldiariodesanpedro.com.ar\/sitio\/214433889_10219926976786924_7445160791933989264_n\/\" data-orig-file=\"https:\/\/eldiariodesanpedro.com.ar\/sitio\/wp-content\/uploads\/2021\/07\/214433889_10219926976786924_7445160791933989264_n.jpg\" data-orig-size=\"540,960\" data-comments-opened=\"1\" data-image-meta=\"{&quot;aperture&quot;:&quot;0&quot;,&quot;credit&quot;:&quot;&quot;,&quot;camera&quot;:&quot;&quot;,&quot;caption&quot;:&quot;&quot;,&quot;created_timestamp&quot;:&quot;0&quot;,&quot;copyright&quot;:&quot;&quot;,&quot;focal_length&quot;:&quot;0&quot;,&quot;iso&quot;:&quot;0&quot;,&quot;shutter_speed&quot;:&quot;0&quot;,&quot;title&quot;:&quot;&quot;,&quot;orientation&quot;:&quot;0&quot;}\" data-image-title=\"214433889_10219926976786924_7445160791933989264_n\" data-image-description=\"\" data-image-caption=\"\" data-large-file=\"https:\/\/eldiariodesanpedro.com.ar\/sitio\/wp-content\/uploads\/2021\/07\/214433889_10219926976786924_7445160791933989264_n.jpg\" data-src=\"https:\/\/eldiariodesanpedro.com.ar\/sitio\/wp-content\/uploads\/2021\/07\/214433889_10219926976786924_7445160791933989264_n.jpg\" alt=\"\" class=\"wp-image-95465 lazyload\" data-srcset=\"https:\/\/eldiariodesanpedro.com.ar\/sitio\/wp-content\/uploads\/2021\/07\/214433889_10219926976786924_7445160791933989264_n.jpg 540w, https:\/\/eldiariodesanpedro.com.ar\/sitio\/wp-content\/uploads\/2021\/07\/214433889_10219926976786924_7445160791933989264_n-169x300.jpg 169w\" data-sizes=\"(max-width: 540px) 100vw, 540px\" src=\"data:image\/svg+xml;base64,PHN2ZyB3aWR0aD0iMSIgaGVpZ2h0PSIxIiB4bWxucz0iaHR0cDovL3d3dy53My5vcmcvMjAwMC9zdmciPjwvc3ZnPg==\" style=\"--smush-placeholder-width: 540px; --smush-placeholder-aspect-ratio: 540\/960;\" \/><\/figure>\n\n\n\n<figure class=\"wp-block-image size-large\"><img decoding=\"async\" width=\"700\" height=\"394\" data-attachment-id=\"95461\" data-permalink=\"https:\/\/eldiariodesanpedro.com.ar\/sitio\/no_q8pu3afnoixuqma20210709_122503_0000\/\" data-orig-file=\"https:\/\/eldiariodesanpedro.com.ar\/sitio\/wp-content\/uploads\/2021\/07\/no_q8pu3afnoixuqma20210709_122503_0000.png\" data-orig-size=\"700,394\" data-comments-opened=\"1\" data-image-meta=\"{&quot;aperture&quot;:&quot;0&quot;,&quot;credit&quot;:&quot;&quot;,&quot;camera&quot;:&quot;&quot;,&quot;caption&quot;:&quot;&quot;,&quot;created_timestamp&quot;:&quot;0&quot;,&quot;copyright&quot;:&quot;&quot;,&quot;focal_length&quot;:&quot;0&quot;,&quot;iso&quot;:&quot;0&quot;,&quot;shutter_speed&quot;:&quot;0&quot;,&quot;title&quot;:&quot;&quot;,&quot;orientation&quot;:&quot;0&quot;}\" data-image-title=\"no_q8pu3afnoixuqma20210709_122503_0000\" data-image-description=\"\" data-image-caption=\"\" data-large-file=\"https:\/\/eldiariodesanpedro.com.ar\/sitio\/wp-content\/uploads\/2021\/07\/no_q8pu3afnoixuqma20210709_122503_0000.png\" data-src=\"https:\/\/eldiariodesanpedro.com.ar\/sitio\/wp-content\/uploads\/2021\/07\/no_q8pu3afnoixuqma20210709_122503_0000.png\" alt=\"\" class=\"wp-image-95461 lazyload\" data-srcset=\"https:\/\/eldiariodesanpedro.com.ar\/sitio\/wp-content\/uploads\/2021\/07\/no_q8pu3afnoixuqma20210709_122503_0000.png 700w, https:\/\/eldiariodesanpedro.com.ar\/sitio\/wp-content\/uploads\/2021\/07\/no_q8pu3afnoixuqma20210709_122503_0000-300x169.png 300w\" data-sizes=\"(max-width: 700px) 100vw, 700px\" src=\"data:image\/svg+xml;base64,PHN2ZyB3aWR0aD0iMSIgaGVpZ2h0PSIxIiB4bWxucz0iaHR0cDovL3d3dy53My5vcmcvMjAwMC9zdmciPjwvc3ZnPg==\" style=\"--smush-placeholder-width: 700px; --smush-placeholder-aspect-ratio: 700\/394;\" \/><\/figure>\n","protected":false},"excerpt":{"rendered":"<p>Con banderas argentinas y pancartas, miles de productores agropecuarios se acercaron al kil\u00f3metro 228 de la Ruta 9 en San Nicol\u00e1s, para participar del acto central del campo y otros sectores opositores contra las pol\u00edticas oficiales. La consigna central es \u00abCiudadanos movilizados en defensa de la producci\u00f3n, el trabajo y la educaci\u00f3n\u00bb. Adem\u00e1s de representantes [&hellip;]<\/p>\n","protected":false},"author":4,"featured_media":95464,"comment_status":"open","ping_status":"closed","sticky":false,"template":"","format":"standard","meta":{"om_disable_all_campaigns":false,"_jetpack_memberships_contains_paid_content":false,"footnotes":""},"categories":[50,101,2],"tags":[],"class_list":["post-95469","post","type-post","status-publish","format-standard","has-post-thumbnail","hentry","category-destacadas","category-interes-general-locales","category-locales"],"aioseo_notices":[],"gutentor_comment":0,"jetpack_featured_media_url":"https:\/\/eldiariodesanpedro.com.ar\/sitio\/wp-content\/uploads\/2021\/07\/214346817_10219926976066906_2103597124511971158_n.jpg","jetpack_shortlink":"https:\/\/wp.me\/p6RhLt-oPP","jetpack_sharing_enabled":true,"_links":{"self":[{"href":"https:\/\/eldiariodesanpedro.com.ar\/sitio\/wp-json\/wp\/v2\/posts\/95469","targetHints":{"allow":["GET"]}}],"collection":[{"href":"https:\/\/eldiariodesanpedro.com.ar\/sitio\/wp-json\/wp\/v2\/posts"}],"about":[{"href":"https:\/\/eldiariodesanpedro.com.ar\/sitio\/wp-json\/wp\/v2\/types\/post"}],"author":[{"embeddable":true,"href":"https:\/\/eldiariodesanpedro.com.ar\/sitio\/wp-json\/wp\/v2\/users\/4"}],"replies":[{"embeddable":true,"href":"https:\/\/eldiariodesanpedro.com.ar\/sitio\/wp-json\/wp\/v2\/comments?post=95469"}],"version-history":[{"count":1,"href":"https:\/\/eldiariodesanpedro.com.ar\/sitio\/wp-json\/wp\/v2\/posts\/95469\/revisions"}],"predecessor-version":[{"id":95470,"href":"https:\/\/eldiariodesanpedro.com.ar\/sitio\/wp-json\/wp\/v2\/posts\/95469\/revisions\/95470"}],"wp:featuredmedia":[{"embeddable":true,"href":"https:\/\/eldiariodesanpedro.com.ar\/sitio\/wp-json\/wp\/v2\/media\/95464"}],"wp:attachment":[{"href":"https:\/\/eldiariodesanpedro.com.ar\/sitio\/wp-json\/wp\/v2\/media?parent=95469"}],"wp:term":[{"taxonomy":"category","embeddable":true,"href":"https:\/\/eldiariodesanpedro.com.ar\/sitio\/wp-json\/wp\/v2\/categories?post=95469"},{"taxonomy":"post_tag","embeddable":true,"href":"https:\/\/eldiariodesanpedro.com.ar\/sitio\/wp-json\/wp\/v2\/tags?post=95469"}],"curies":[{"name":"wp","href":"https:\/\/api.w.org\/{rel}","templated":true}]}}