{"id":95457,"date":"2021-07-09T19:26:59","date_gmt":"2021-07-09T22:26:59","guid":{"rendered":"https:\/\/eldiariodesanpedro.com.ar\/sitio\/?p=95457"},"modified":"2021-07-09T19:27:04","modified_gmt":"2021-07-09T22:27:04","slug":"el-estadio-municipal-cumple-90-anos","status":"publish","type":"post","link":"https:\/\/eldiariodesanpedro.com.ar\/sitio\/el-estadio-municipal-cumple-90-anos\/","title":{"rendered":"El Estadio Municipal cumple 90 a\u00f1os"},"content":{"rendered":"<!-- VideographyWP Plugin Message: Automatic video embedding prevented by plugin options. -->\n\n<p>El escenario de grandes eventos deportivos y sociales celebra un nuevo aniversario de su fundaci\u00f3n.\u00a0<\/p>\n\n\n\n<p>El Estadio Municipal de San Pedro fue inaugurado el 9&nbsp;de julio de 1931, y el p\u00fablico concurri\u00f3 en forma masiva al nuevo escenario, que estaba ubicado en lo que se conoc\u00eda como zona de quintas.&nbsp;<\/p>\n\n\n\n<p>El peri\u00f3dico \u00abEl Imparcial\u00bb cuenta que fueron Eduardo Gonz\u00e1lez Bonorino y su esposa quienes vendieron al municipio un predio para la construcci\u00f3n de un centro deportivo, a fines de los a\u00f1os &#8217;20.&nbsp;\u00abEl se\u00f1or Gonz\u00e1lez Bonorino y su esposa &#8211; detalla el peri\u00f3dico &#8211; se han hecho merecedores de la gratitud sampedrina pues la sesi\u00f3n de la quinta No. 102, en las condiciones informadas, equivale a una fuerte donaci\u00f3n, merced a la cual se podr\u00e1 realizar la construcci\u00f3n de un estadio en un paraje c\u00e9ntrico&#8230;\u00bb.<\/p>\n\n\n\n<p>El primer club que jug\u00f3 all\u00ed como local fue Paran\u00e1 F. C., que compet\u00eda en un certamen con equipos de la zona, antes de la creaci\u00f3n de la Liga Deportiva Sampedrina, que ocurrir\u00eda casi un a\u00f1o despu\u00e9s, en 1932. Si bien es el escenario mayor del f\u00fatbol de San Pedro, por all\u00ed pasaron todo tipo de espect\u00e1culos, desde las primeras Olimp\u00edadas (en 1952), atletismo, ciclismo, clases de educaci\u00f3n f\u00edsica, esquemas de gimnasia, doma, hasta carreras de tractores en los a\u00f1os &#8217;60, el Festival Identidad en los &#8217;90 y el San Pedro Rock en los a\u00f1os 2000.&nbsp;<\/p>\n\n\n\n<p>Fuente:\u00a0<a href=\"https:\/\/pordeportesp.blogspot.com\/\">pordeportesp.blogspot.com<\/a> (Jos\u00e9 Miguel Guidi)<\/p>\n","protected":false},"excerpt":{"rendered":"<p>El escenario de grandes eventos deportivos y sociales celebra un nuevo aniversario de su fundaci\u00f3n.\u00a0 El Estadio Municipal de San Pedro fue inaugurado el 9&nbsp;de julio de 1931, y el p\u00fablico concurri\u00f3 en forma masiva al nuevo escenario, que estaba ubicado en lo que se conoc\u00eda como zona de quintas.&nbsp; El peri\u00f3dico \u00abEl Imparcial\u00bb cuenta [&hellip;]<\/p>\n","protected":false},"author":4,"featured_media":95458,"comment_status":"open","ping_status":"closed","sticky":false,"template":"","format":"standard","meta":{"om_disable_all_campaigns":false,"_jetpack_memberships_contains_paid_content":false,"footnotes":""},"categories":[101,2],"tags":[],"class_list":["post-95457","post","type-post","status-publish","format-standard","has-post-thumbnail","hentry","category-interes-general-locales","category-locales"],"aioseo_notices":[],"gutentor_comment":0,"jetpack_featured_media_url":"https:\/\/eldiariodesanpedro.com.ar\/sitio\/wp-content\/uploads\/2021\/07\/000092353.jpg","jetpack_shortlink":"https:\/\/wp.me\/p6RhLt-oPD","jetpack_sharing_enabled":true,"_links":{"self":[{"href":"https:\/\/eldiariodesanpedro.com.ar\/sitio\/wp-json\/wp\/v2\/posts\/95457","targetHints":{"allow":["GET"]}}],"collection":[{"href":"https:\/\/eldiariodesanpedro.com.ar\/sitio\/wp-json\/wp\/v2\/posts"}],"about":[{"href":"https:\/\/eldiariodesanpedro.com.ar\/sitio\/wp-json\/wp\/v2\/types\/post"}],"author":[{"embeddable":true,"href":"https:\/\/eldiariodesanpedro.com.ar\/sitio\/wp-json\/wp\/v2\/users\/4"}],"replies":[{"embeddable":true,"href":"https:\/\/eldiariodesanpedro.com.ar\/sitio\/wp-json\/wp\/v2\/comments?post=95457"}],"version-history":[{"count":1,"href":"https:\/\/eldiariodesanpedro.com.ar\/sitio\/wp-json\/wp\/v2\/posts\/95457\/revisions"}],"predecessor-version":[{"id":95459,"href":"https:\/\/eldiariodesanpedro.com.ar\/sitio\/wp-json\/wp\/v2\/posts\/95457\/revisions\/95459"}],"wp:featuredmedia":[{"embeddable":true,"href":"https:\/\/eldiariodesanpedro.com.ar\/sitio\/wp-json\/wp\/v2\/media\/95458"}],"wp:attachment":[{"href":"https:\/\/eldiariodesanpedro.com.ar\/sitio\/wp-json\/wp\/v2\/media?parent=95457"}],"wp:term":[{"taxonomy":"category","embeddable":true,"href":"https:\/\/eldiariodesanpedro.com.ar\/sitio\/wp-json\/wp\/v2\/categories?post=95457"},{"taxonomy":"post_tag","embeddable":true,"href":"https:\/\/eldiariodesanpedro.com.ar\/sitio\/wp-json\/wp\/v2\/tags?post=95457"}],"curies":[{"name":"wp","href":"https:\/\/api.w.org\/{rel}","templated":true}]}}