{"id":95444,"date":"2021-07-09T12:55:08","date_gmt":"2021-07-09T15:55:08","guid":{"rendered":"https:\/\/eldiariodesanpedro.com.ar\/sitio\/?p=95444"},"modified":"2021-07-09T12:55:12","modified_gmt":"2021-07-09T15:55:12","slug":"finaliza-la-campana-de-invierno-red-de-abrazos","status":"publish","type":"post","link":"https:\/\/eldiariodesanpedro.com.ar\/sitio\/finaliza-la-campana-de-invierno-red-de-abrazos\/","title":{"rendered":"Finaliza la campa\u00f1a de invierno Red de Abrazos"},"content":{"rendered":"<!-- VideographyWP Plugin Message: Automatic video embedding prevented by plugin options. -->\n\n<p>La Asociaci\u00f3n Farmac\u00e9utica de San Pedro recuerda la invitaci\u00f3n a participar de la Campa\u00f1a de Invierno \u00abRed de Abrazos\u00bb, impulsada por la Red de Merenderos de la Rep\u00fablica Argentina y organizaci\u00f3n Hombre Nuevo.&nbsp;<\/p>\n\n\n\n<p>La iniciativa consiste en la recepci\u00f3n de ropa de abrigo, frazadas y zapatillas, entre otras prendas en buen estado que puedan ser compartidas con familias que lo necesiten a trav\u00e9s del Hogar Benefactora.<\/p>\n\n\n\n<p><strong>Ma\u00f1ana s\u00e1bado 10 de julio de 14 a 17 en la parroquia San Roque (Bulevar Moreno 940) ser\u00e1 el \u00faltimo d\u00eda para recibir las donaciones.<\/strong><\/p>\n\n\n\n<p>En los mismos fines de semana la campa\u00f1a se realizar\u00e1 simult\u00e1neamente en Dolores (Provincia de Buenos Aires), General Roca (R\u00edo Negro) y Balnearia (C\u00f3rdoba).<\/p>\n\n\n\n<p>Desde la Asociaci\u00f3n estaremos presentes con nuestra colaboraci\u00f3n e invitamos a toda la comunidad a acompa\u00f1ar esta iniciativa.<\/p>\n","protected":false},"excerpt":{"rendered":"<p>La Asociaci\u00f3n Farmac\u00e9utica de San Pedro recuerda la invitaci\u00f3n a participar de la Campa\u00f1a de Invierno \u00abRed de Abrazos\u00bb, impulsada por la Red de Merenderos de la Rep\u00fablica Argentina y organizaci\u00f3n Hombre Nuevo.&nbsp; La iniciativa consiste en la recepci\u00f3n de ropa de abrigo, frazadas y zapatillas, entre otras prendas en buen estado que puedan ser [&hellip;]<\/p>\n","protected":false},"author":4,"featured_media":95445,"comment_status":"open","ping_status":"closed","sticky":false,"template":"","format":"standard","meta":{"om_disable_all_campaigns":false,"_jetpack_memberships_contains_paid_content":false,"footnotes":""},"categories":[101,2],"tags":[],"class_list":["post-95444","post","type-post","status-publish","format-standard","has-post-thumbnail","hentry","category-interes-general-locales","category-locales"],"aioseo_notices":[],"gutentor_comment":0,"jetpack_featured_media_url":"https:\/\/eldiariodesanpedro.com.ar\/sitio\/wp-content\/uploads\/2021\/07\/RED-DE-ABRAZOS-1.jpg","jetpack_shortlink":"https:\/\/wp.me\/p6RhLt-oPq","jetpack_sharing_enabled":true,"_links":{"self":[{"href":"https:\/\/eldiariodesanpedro.com.ar\/sitio\/wp-json\/wp\/v2\/posts\/95444","targetHints":{"allow":["GET"]}}],"collection":[{"href":"https:\/\/eldiariodesanpedro.com.ar\/sitio\/wp-json\/wp\/v2\/posts"}],"about":[{"href":"https:\/\/eldiariodesanpedro.com.ar\/sitio\/wp-json\/wp\/v2\/types\/post"}],"author":[{"embeddable":true,"href":"https:\/\/eldiariodesanpedro.com.ar\/sitio\/wp-json\/wp\/v2\/users\/4"}],"replies":[{"embeddable":true,"href":"https:\/\/eldiariodesanpedro.com.ar\/sitio\/wp-json\/wp\/v2\/comments?post=95444"}],"version-history":[{"count":1,"href":"https:\/\/eldiariodesanpedro.com.ar\/sitio\/wp-json\/wp\/v2\/posts\/95444\/revisions"}],"predecessor-version":[{"id":95446,"href":"https:\/\/eldiariodesanpedro.com.ar\/sitio\/wp-json\/wp\/v2\/posts\/95444\/revisions\/95446"}],"wp:featuredmedia":[{"embeddable":true,"href":"https:\/\/eldiariodesanpedro.com.ar\/sitio\/wp-json\/wp\/v2\/media\/95445"}],"wp:attachment":[{"href":"https:\/\/eldiariodesanpedro.com.ar\/sitio\/wp-json\/wp\/v2\/media?parent=95444"}],"wp:term":[{"taxonomy":"category","embeddable":true,"href":"https:\/\/eldiariodesanpedro.com.ar\/sitio\/wp-json\/wp\/v2\/categories?post=95444"},{"taxonomy":"post_tag","embeddable":true,"href":"https:\/\/eldiariodesanpedro.com.ar\/sitio\/wp-json\/wp\/v2\/tags?post=95444"}],"curies":[{"name":"wp","href":"https:\/\/api.w.org\/{rel}","templated":true}]}}