{"id":95440,"date":"2021-07-09T12:33:45","date_gmt":"2021-07-09T15:33:45","guid":{"rendered":"https:\/\/eldiariodesanpedro.com.ar\/sitio\/?p=95440"},"modified":"2021-07-09T12:33:49","modified_gmt":"2021-07-09T15:33:49","slug":"le-robaron-su-moto-estacionada-en-la-vereda","status":"publish","type":"post","link":"https:\/\/eldiariodesanpedro.com.ar\/sitio\/le-robaron-su-moto-estacionada-en-la-vereda\/","title":{"rendered":"Le robaron su moto estacionada en la vereda"},"content":{"rendered":"<!-- VideographyWP Plugin Message: Automatic video embedding prevented by plugin options. -->\n\n<p>El dia de ayer alrededor de las 23 hs se recibi\u00f3 una denuncia en la comisar\u00eda local por parte de un ciudadano de de 22 a\u00f1os de edad, que manifiesta que&nbsp; siendo aproximadamente las 21:30 horas, momento en el cual deja su moto frente del domicilio de su amigo, ubicado en calle 3 de Febrero al 2000, constata al egresar de la vivienda pasando aproximadamente cuarenta minutos, que autores ignorados se la hab\u00edan sustra\u00eddo.&nbsp;&nbsp;<\/p>\n\n\n\n<p>Investiga fiscal\u00eda&nbsp; 11 San Pedro.<\/p>\n","protected":false},"excerpt":{"rendered":"<p>El dia de ayer alrededor de las 23 hs se recibi\u00f3 una denuncia en la comisar\u00eda local por parte de un ciudadano de de 22 a\u00f1os de edad, que manifiesta que&nbsp; siendo aproximadamente las 21:30 horas, momento en el cual deja su moto frente del domicilio de su amigo, ubicado en calle 3 de Febrero [&hellip;]<\/p>\n","protected":false},"author":4,"featured_media":78843,"comment_status":"open","ping_status":"closed","sticky":false,"template":"","format":"standard","meta":{"om_disable_all_campaigns":false,"_jetpack_memberships_contains_paid_content":false,"footnotes":""},"categories":[2,103],"tags":[],"class_list":["post-95440","post","type-post","status-publish","format-standard","has-post-thumbnail","hentry","category-locales","category-policiales-locales"],"aioseo_notices":[],"gutentor_comment":0,"jetpack_featured_media_url":"https:\/\/eldiariodesanpedro.com.ar\/sitio\/wp-content\/uploads\/2020\/08\/0.jpg","jetpack_shortlink":"https:\/\/wp.me\/p6RhLt-oPm","jetpack_sharing_enabled":true,"_links":{"self":[{"href":"https:\/\/eldiariodesanpedro.com.ar\/sitio\/wp-json\/wp\/v2\/posts\/95440","targetHints":{"allow":["GET"]}}],"collection":[{"href":"https:\/\/eldiariodesanpedro.com.ar\/sitio\/wp-json\/wp\/v2\/posts"}],"about":[{"href":"https:\/\/eldiariodesanpedro.com.ar\/sitio\/wp-json\/wp\/v2\/types\/post"}],"author":[{"embeddable":true,"href":"https:\/\/eldiariodesanpedro.com.ar\/sitio\/wp-json\/wp\/v2\/users\/4"}],"replies":[{"embeddable":true,"href":"https:\/\/eldiariodesanpedro.com.ar\/sitio\/wp-json\/wp\/v2\/comments?post=95440"}],"version-history":[{"count":1,"href":"https:\/\/eldiariodesanpedro.com.ar\/sitio\/wp-json\/wp\/v2\/posts\/95440\/revisions"}],"predecessor-version":[{"id":95441,"href":"https:\/\/eldiariodesanpedro.com.ar\/sitio\/wp-json\/wp\/v2\/posts\/95440\/revisions\/95441"}],"wp:featuredmedia":[{"embeddable":true,"href":"https:\/\/eldiariodesanpedro.com.ar\/sitio\/wp-json\/wp\/v2\/media\/78843"}],"wp:attachment":[{"href":"https:\/\/eldiariodesanpedro.com.ar\/sitio\/wp-json\/wp\/v2\/media?parent=95440"}],"wp:term":[{"taxonomy":"category","embeddable":true,"href":"https:\/\/eldiariodesanpedro.com.ar\/sitio\/wp-json\/wp\/v2\/categories?post=95440"},{"taxonomy":"post_tag","embeddable":true,"href":"https:\/\/eldiariodesanpedro.com.ar\/sitio\/wp-json\/wp\/v2\/tags?post=95440"}],"curies":[{"name":"wp","href":"https:\/\/api.w.org\/{rel}","templated":true}]}}