{"id":95434,"date":"2021-07-09T12:26:39","date_gmt":"2021-07-09T15:26:39","guid":{"rendered":"https:\/\/eldiariodesanpedro.com.ar\/sitio\/?p=95434"},"modified":"2021-07-09T12:26:44","modified_gmt":"2021-07-09T15:26:44","slug":"un-joven-aprehendido-por-robar-una-zapatillas-y-una-gorra-de-un-tender","status":"publish","type":"post","link":"https:\/\/eldiariodesanpedro.com.ar\/sitio\/un-joven-aprehendido-por-robar-una-zapatillas-y-una-gorra-de-un-tender\/","title":{"rendered":"Un joven aprehendido por robar una zapatillas y una gorra de un tender"},"content":{"rendered":"<!-- VideographyWP Plugin Message: Automatic video embedding prevented by plugin options. -->\n\n<p>Este jueves alrededor de las 18:30 horas el personal del Destacamento de Gobernador Castro tras r\u00e1pido accionar logra aprehender en calle San Nicol\u00e1s S\/N, de la vecina localidad a un joven de 20 a\u00f1os de edad y a quien se le secuestr\u00f3 un par de zapatillas y una gorra visera, la que hab\u00eda sustra\u00eddo momentos antes en un tender ubicado en el patio de domicilio de una mujer de 27 a\u00f1os a\u00f1os de edad, ubicado en calle Sim\u00f3n Bol\u00edvar S\/N, misma localidad.&nbsp;<\/p>\n\n\n\n<p>Interviene fiscal\u00eda 11, dispuso labren actuaciones posterior libertad.<\/p>\n","protected":false},"excerpt":{"rendered":"<p>Este jueves alrededor de las 18:30 horas el personal del Destacamento de Gobernador Castro tras r\u00e1pido accionar logra aprehender en calle San Nicol\u00e1s S\/N, de la vecina localidad a un joven de 20 a\u00f1os de edad y a quien se le secuestr\u00f3 un par de zapatillas y una gorra visera, la que hab\u00eda sustra\u00eddo momentos [&hellip;]<\/p>\n","protected":false},"author":4,"featured_media":95435,"comment_status":"open","ping_status":"closed","sticky":false,"template":"","format":"standard","meta":{"om_disable_all_campaigns":false,"_jetpack_memberships_contains_paid_content":false,"footnotes":""},"categories":[2,103],"tags":[],"class_list":["post-95434","post","type-post","status-publish","format-standard","has-post-thumbnail","hentry","category-locales","category-policiales-locales"],"aioseo_notices":[],"gutentor_comment":0,"jetpack_featured_media_url":"https:\/\/eldiariodesanpedro.com.ar\/sitio\/wp-content\/uploads\/2021\/07\/WhatsApp-Image-2021-07-09-at-10.50.38.jpeg","jetpack_shortlink":"https:\/\/wp.me\/p6RhLt-oPg","jetpack_sharing_enabled":true,"_links":{"self":[{"href":"https:\/\/eldiariodesanpedro.com.ar\/sitio\/wp-json\/wp\/v2\/posts\/95434","targetHints":{"allow":["GET"]}}],"collection":[{"href":"https:\/\/eldiariodesanpedro.com.ar\/sitio\/wp-json\/wp\/v2\/posts"}],"about":[{"href":"https:\/\/eldiariodesanpedro.com.ar\/sitio\/wp-json\/wp\/v2\/types\/post"}],"author":[{"embeddable":true,"href":"https:\/\/eldiariodesanpedro.com.ar\/sitio\/wp-json\/wp\/v2\/users\/4"}],"replies":[{"embeddable":true,"href":"https:\/\/eldiariodesanpedro.com.ar\/sitio\/wp-json\/wp\/v2\/comments?post=95434"}],"version-history":[{"count":1,"href":"https:\/\/eldiariodesanpedro.com.ar\/sitio\/wp-json\/wp\/v2\/posts\/95434\/revisions"}],"predecessor-version":[{"id":95436,"href":"https:\/\/eldiariodesanpedro.com.ar\/sitio\/wp-json\/wp\/v2\/posts\/95434\/revisions\/95436"}],"wp:featuredmedia":[{"embeddable":true,"href":"https:\/\/eldiariodesanpedro.com.ar\/sitio\/wp-json\/wp\/v2\/media\/95435"}],"wp:attachment":[{"href":"https:\/\/eldiariodesanpedro.com.ar\/sitio\/wp-json\/wp\/v2\/media?parent=95434"}],"wp:term":[{"taxonomy":"category","embeddable":true,"href":"https:\/\/eldiariodesanpedro.com.ar\/sitio\/wp-json\/wp\/v2\/categories?post=95434"},{"taxonomy":"post_tag","embeddable":true,"href":"https:\/\/eldiariodesanpedro.com.ar\/sitio\/wp-json\/wp\/v2\/tags?post=95434"}],"curies":[{"name":"wp","href":"https:\/\/api.w.org\/{rel}","templated":true}]}}