{"id":95431,"date":"2021-07-09T11:36:27","date_gmt":"2021-07-09T14:36:27","guid":{"rendered":"https:\/\/eldiariodesanpedro.com.ar\/sitio\/?p=95431"},"modified":"2021-07-09T11:36:31","modified_gmt":"2021-07-09T14:36:31","slug":"detienen-y-trasladan-al-penal-a-un-joven-condenado-por-el-abuso-de-la-nina-de-15-anos-en-el-barrio-villa-igoillo","status":"publish","type":"post","link":"https:\/\/eldiariodesanpedro.com.ar\/sitio\/detienen-y-trasladan-al-penal-a-un-joven-condenado-por-el-abuso-de-la-nina-de-15-anos-en-el-barrio-villa-igoillo\/","title":{"rendered":"Detienen y trasladan al penal a un joven condenado por el abuso de la ni\u00f1a de 15 a\u00f1os en el barrio Villa Igoillo"},"content":{"rendered":"<!-- VideographyWP Plugin Message: Automatic video embedding prevented by plugin options. -->\n\n<p>En la jornada de ayer jueves alrededor de las 12:20 horas, el personal Gabinete criminol\u00f3gico de la comisar\u00eda local se hace presente en calle Sarmiento al 800, donde se procede a la <strong>detenci\u00f3n<\/strong> de un masculino de 22 a\u00f1os de edad, sobre quien registra \u201corden de detenci\u00f3n\u201d por orden judicial a requerimiento del Juzgado de Ejecuci\u00f3n Penal Departamental San Nicol\u00e1s quien dispone que permanezca alojado en la dependencia policial.\u00a0<\/p>\n\n\n\n<p>La persona que fue detenida estaba relacionada con un recordado hecho de abuso sexual que llego a los medios nacionales, el hecho ocurri\u00f3 el 10 de septiembre de 2017 en el barrio Igoillo cuando una joven festejaba su cumplea\u00f1os de 15 y fue abusada por un grupo de j\u00f3venes en un descampado.<\/p>\n\n\n\n<p>Las pericias determinaron que hab\u00eda sido abusada con acceso carnal por lo que el \u00fanico joven que tenia 18 a\u00f1os de edad fue condenado a prisi\u00f3n por 8 a\u00f1os, el joven es identificado como \u00a0Lucas G\u00f3mez que en la actualidad tiene 22 a\u00f1os que gozaba de prisi\u00f3n domiciliaria y el juzgado a decidido que termine su condena en la Unidad Penal de San Nicol\u00e1s donde permanecer\u00e1 hasta el a\u00f1o 2025.  <\/p>\n","protected":false},"excerpt":{"rendered":"<p>En la jornada de ayer jueves alrededor de las 12:20 horas, el personal Gabinete criminol\u00f3gico de la comisar\u00eda local se hace presente en calle Sarmiento al 800, donde se procede a la detenci\u00f3n de un masculino de 22 a\u00f1os de edad, sobre quien registra \u201corden de detenci\u00f3n\u201d por orden judicial a requerimiento del Juzgado de [&hellip;]<\/p>\n","protected":false},"author":4,"featured_media":95432,"comment_status":"open","ping_status":"closed","sticky":false,"template":"","format":"standard","meta":{"om_disable_all_campaigns":false,"_jetpack_memberships_contains_paid_content":false,"footnotes":""},"categories":[50,2,103],"tags":[],"class_list":["post-95431","post","type-post","status-publish","format-standard","has-post-thumbnail","hentry","category-destacadas","category-locales","category-policiales-locales"],"aioseo_notices":[],"gutentor_comment":0,"jetpack_featured_media_url":"https:\/\/eldiariodesanpedro.com.ar\/sitio\/wp-content\/uploads\/2021\/07\/WhatsApp-Image-2021-07-09-at-09.27.39.jpeg","jetpack_shortlink":"https:\/\/wp.me\/p6RhLt-oPd","jetpack_sharing_enabled":true,"_links":{"self":[{"href":"https:\/\/eldiariodesanpedro.com.ar\/sitio\/wp-json\/wp\/v2\/posts\/95431","targetHints":{"allow":["GET"]}}],"collection":[{"href":"https:\/\/eldiariodesanpedro.com.ar\/sitio\/wp-json\/wp\/v2\/posts"}],"about":[{"href":"https:\/\/eldiariodesanpedro.com.ar\/sitio\/wp-json\/wp\/v2\/types\/post"}],"author":[{"embeddable":true,"href":"https:\/\/eldiariodesanpedro.com.ar\/sitio\/wp-json\/wp\/v2\/users\/4"}],"replies":[{"embeddable":true,"href":"https:\/\/eldiariodesanpedro.com.ar\/sitio\/wp-json\/wp\/v2\/comments?post=95431"}],"version-history":[{"count":1,"href":"https:\/\/eldiariodesanpedro.com.ar\/sitio\/wp-json\/wp\/v2\/posts\/95431\/revisions"}],"predecessor-version":[{"id":95433,"href":"https:\/\/eldiariodesanpedro.com.ar\/sitio\/wp-json\/wp\/v2\/posts\/95431\/revisions\/95433"}],"wp:featuredmedia":[{"embeddable":true,"href":"https:\/\/eldiariodesanpedro.com.ar\/sitio\/wp-json\/wp\/v2\/media\/95432"}],"wp:attachment":[{"href":"https:\/\/eldiariodesanpedro.com.ar\/sitio\/wp-json\/wp\/v2\/media?parent=95431"}],"wp:term":[{"taxonomy":"category","embeddable":true,"href":"https:\/\/eldiariodesanpedro.com.ar\/sitio\/wp-json\/wp\/v2\/categories?post=95431"},{"taxonomy":"post_tag","embeddable":true,"href":"https:\/\/eldiariodesanpedro.com.ar\/sitio\/wp-json\/wp\/v2\/tags?post=95431"}],"curies":[{"name":"wp","href":"https:\/\/api.w.org\/{rel}","templated":true}]}}