{"id":95396,"date":"2021-07-08T11:07:15","date_gmt":"2021-07-08T14:07:15","guid":{"rendered":"https:\/\/eldiariodesanpedro.com.ar\/sitio\/?p=95396"},"modified":"2021-07-08T11:07:20","modified_gmt":"2021-07-08T14:07:20","slug":"las-dos-personas-internada-en-clinica-san-pedro-por-covid-fallecieron-horas-despues-de-ser-trasladadas-por-el-cierre","status":"publish","type":"post","link":"https:\/\/eldiariodesanpedro.com.ar\/sitio\/las-dos-personas-internada-en-clinica-san-pedro-por-covid-fallecieron-horas-despues-de-ser-trasladadas-por-el-cierre\/","title":{"rendered":"Las dos personas internada en Cl\u00ednica San Pedro por covid fallecieron horas despu\u00e9s de ser trasladadas por el cierre"},"content":{"rendered":"<!-- VideographyWP Plugin Message: Automatic video embedding prevented by plugin options. -->\n\n<p>En la jornada de ayer con la decisi\u00f3n del cierre de la Cl\u00ednica San Pedro por parte de sus propietarios la municipalidad decidi\u00f3 intervenir en el trasladado de todos los pacientes internados al nosocomio local, dos de ellos que se encontraban internados en terapia intensiva, fallecieron horas mas tarde. <\/p>\n\n\n\n<p>Se trata de dos ciudadanos de 67 y 68 a\u00f1os de edad quienes se encontraban en una situaci\u00f3n delicada internados en UTI en la Cl\u00ednica San Pedro y al decidir el cierre de la empresa la municipalidad debi\u00f3 intervenir trasladando a estas personas al hospital Emilio Ruffa, lamentablemente horas mas tardes estas dos personas perdieron la vida.<\/p>\n","protected":false},"excerpt":{"rendered":"<p>En la jornada de ayer con la decisi\u00f3n del cierre de la Cl\u00ednica San Pedro por parte de sus propietarios la municipalidad decidi\u00f3 intervenir en el trasladado de todos los pacientes internados al nosocomio local, dos de ellos que se encontraban internados en terapia intensiva, fallecieron horas mas tarde. Se trata de dos ciudadanos de [&hellip;]<\/p>\n","protected":false},"author":4,"featured_media":95377,"comment_status":"open","ping_status":"closed","sticky":false,"template":"","format":"standard","meta":{"om_disable_all_campaigns":false,"_jetpack_memberships_contains_paid_content":false,"footnotes":""},"categories":[50,101,2],"tags":[],"class_list":["post-95396","post","type-post","status-publish","format-standard","has-post-thumbnail","hentry","category-destacadas","category-interes-general-locales","category-locales"],"aioseo_notices":[],"gutentor_comment":0,"jetpack_featured_media_url":"https:\/\/eldiariodesanpedro.com.ar\/sitio\/wp-content\/uploads\/2021\/07\/214724840_1599673150241818_4345862520224094646_n.jpg","jetpack_shortlink":"https:\/\/wp.me\/p6RhLt-oOE","jetpack_sharing_enabled":true,"_links":{"self":[{"href":"https:\/\/eldiariodesanpedro.com.ar\/sitio\/wp-json\/wp\/v2\/posts\/95396","targetHints":{"allow":["GET"]}}],"collection":[{"href":"https:\/\/eldiariodesanpedro.com.ar\/sitio\/wp-json\/wp\/v2\/posts"}],"about":[{"href":"https:\/\/eldiariodesanpedro.com.ar\/sitio\/wp-json\/wp\/v2\/types\/post"}],"author":[{"embeddable":true,"href":"https:\/\/eldiariodesanpedro.com.ar\/sitio\/wp-json\/wp\/v2\/users\/4"}],"replies":[{"embeddable":true,"href":"https:\/\/eldiariodesanpedro.com.ar\/sitio\/wp-json\/wp\/v2\/comments?post=95396"}],"version-history":[{"count":1,"href":"https:\/\/eldiariodesanpedro.com.ar\/sitio\/wp-json\/wp\/v2\/posts\/95396\/revisions"}],"predecessor-version":[{"id":95397,"href":"https:\/\/eldiariodesanpedro.com.ar\/sitio\/wp-json\/wp\/v2\/posts\/95396\/revisions\/95397"}],"wp:featuredmedia":[{"embeddable":true,"href":"https:\/\/eldiariodesanpedro.com.ar\/sitio\/wp-json\/wp\/v2\/media\/95377"}],"wp:attachment":[{"href":"https:\/\/eldiariodesanpedro.com.ar\/sitio\/wp-json\/wp\/v2\/media?parent=95396"}],"wp:term":[{"taxonomy":"category","embeddable":true,"href":"https:\/\/eldiariodesanpedro.com.ar\/sitio\/wp-json\/wp\/v2\/categories?post=95396"},{"taxonomy":"post_tag","embeddable":true,"href":"https:\/\/eldiariodesanpedro.com.ar\/sitio\/wp-json\/wp\/v2\/tags?post=95396"}],"curies":[{"name":"wp","href":"https:\/\/api.w.org\/{rel}","templated":true}]}}