{"id":95387,"date":"2021-07-08T10:05:38","date_gmt":"2021-07-08T13:05:38","guid":{"rendered":"https:\/\/eldiariodesanpedro.com.ar\/sitio\/?p=95387"},"modified":"2021-07-08T10:05:44","modified_gmt":"2021-07-08T13:05:44","slug":"el-circulo-medico-se-solidariza-por-la-situacion-de-la-clinica-san-pedro","status":"publish","type":"post","link":"https:\/\/eldiariodesanpedro.com.ar\/sitio\/el-circulo-medico-se-solidariza-por-la-situacion-de-la-clinica-san-pedro\/","title":{"rendered":"El Circulo Medico se solidariza por la situaci\u00f3n de la Cl\u00ednica San Pedro"},"content":{"rendered":"<!-- VideographyWP Plugin Message: Automatic video embedding prevented by plugin options. -->\n\n<p>La Comisi\u00f3n Directiva del C\u00edrculo M\u00e9dico de San Pedro expresa su solidaridad y acompa\u00f1amiento a todos los damnificados por el lamentable cierre de la Cl\u00ednica Privada San Pedro.<\/p>\n\n\n\n<p>Estamos cerca de su personal, sus profesionales y pacientes, deseando que se encuentre una salida viable que revierta la decisi\u00f3n tomada por sus autoridades, ante la compleja situaci\u00f3n que hoy afecta a cientos de cl\u00ednicas y sanatorios privados, en todo el pa\u00eds.<\/p>\n\n\n\n<p>Lamentamos que todas las gestiones realizadas hasta el momento no hayan podido rescatar a un pilar hist\u00f3rico y fundamental de el sistema de salud sampedrino que, a pesar de los enormes esfuerzos de todos sus integrantes, no puede continuar sin un equilibrio entre los altos costos operativos que se deben afrontar y las dificultades para generar los ingresos que as\u00ed lo permitan.<\/p>\n\n\n\n<p>Quedamos a disposici\u00f3n para participar de todas las acciones ante los organismos que podr\u00edan brindar alternativas para recuperar, fundamentalmente las fuentes de trabajo de las familias afectadas, y la fortaleza de nuestro sistema de salud para que tanto desde el sector p\u00fablico como desde el sector privado, sea posible continuar respondiendo ante un momento cr\u00edtico como el que atravesamos.<\/p>\n","protected":false},"excerpt":{"rendered":"<p>La Comisi\u00f3n Directiva del C\u00edrculo M\u00e9dico de San Pedro expresa su solidaridad y acompa\u00f1amiento a todos los damnificados por el lamentable cierre de la Cl\u00ednica Privada San Pedro. Estamos cerca de su personal, sus profesionales y pacientes, deseando que se encuentre una salida viable que revierta la decisi\u00f3n tomada por sus autoridades, ante la compleja [&hellip;]<\/p>\n","protected":false},"author":4,"featured_media":95376,"comment_status":"open","ping_status":"closed","sticky":false,"template":"","format":"standard","meta":{"om_disable_all_campaigns":false,"_jetpack_memberships_contains_paid_content":false,"footnotes":""},"categories":[50,101,2],"tags":[],"class_list":["post-95387","post","type-post","status-publish","format-standard","has-post-thumbnail","hentry","category-destacadas","category-interes-general-locales","category-locales"],"aioseo_notices":[],"gutentor_comment":0,"jetpack_featured_media_url":"https:\/\/eldiariodesanpedro.com.ar\/sitio\/wp-content\/uploads\/2021\/07\/214494731_1599673440241789_8517088324100586689_n.jpg","jetpack_shortlink":"https:\/\/wp.me\/p6RhLt-oOv","jetpack_sharing_enabled":true,"_links":{"self":[{"href":"https:\/\/eldiariodesanpedro.com.ar\/sitio\/wp-json\/wp\/v2\/posts\/95387","targetHints":{"allow":["GET"]}}],"collection":[{"href":"https:\/\/eldiariodesanpedro.com.ar\/sitio\/wp-json\/wp\/v2\/posts"}],"about":[{"href":"https:\/\/eldiariodesanpedro.com.ar\/sitio\/wp-json\/wp\/v2\/types\/post"}],"author":[{"embeddable":true,"href":"https:\/\/eldiariodesanpedro.com.ar\/sitio\/wp-json\/wp\/v2\/users\/4"}],"replies":[{"embeddable":true,"href":"https:\/\/eldiariodesanpedro.com.ar\/sitio\/wp-json\/wp\/v2\/comments?post=95387"}],"version-history":[{"count":1,"href":"https:\/\/eldiariodesanpedro.com.ar\/sitio\/wp-json\/wp\/v2\/posts\/95387\/revisions"}],"predecessor-version":[{"id":95388,"href":"https:\/\/eldiariodesanpedro.com.ar\/sitio\/wp-json\/wp\/v2\/posts\/95387\/revisions\/95388"}],"wp:featuredmedia":[{"embeddable":true,"href":"https:\/\/eldiariodesanpedro.com.ar\/sitio\/wp-json\/wp\/v2\/media\/95376"}],"wp:attachment":[{"href":"https:\/\/eldiariodesanpedro.com.ar\/sitio\/wp-json\/wp\/v2\/media?parent=95387"}],"wp:term":[{"taxonomy":"category","embeddable":true,"href":"https:\/\/eldiariodesanpedro.com.ar\/sitio\/wp-json\/wp\/v2\/categories?post=95387"},{"taxonomy":"post_tag","embeddable":true,"href":"https:\/\/eldiariodesanpedro.com.ar\/sitio\/wp-json\/wp\/v2\/tags?post=95387"}],"curies":[{"name":"wp","href":"https:\/\/api.w.org\/{rel}","templated":true}]}}