{"id":95379,"date":"2021-07-07T19:44:35","date_gmt":"2021-07-07T22:44:35","guid":{"rendered":"https:\/\/eldiariodesanpedro.com.ar\/sitio\/?p=95379"},"modified":"2021-07-07T19:44:43","modified_gmt":"2021-07-07T22:44:43","slug":"dr-nasif-mi-vida-transcurrio-dentro-de-esta-clinica-35-anos-trabaje-aqui-me-duele-un-monton-tener-que-cerrar","status":"publish","type":"post","link":"https:\/\/eldiariodesanpedro.com.ar\/sitio\/dr-nasif-mi-vida-transcurrio-dentro-de-esta-clinica-35-anos-trabaje-aqui-me-duele-un-monton-tener-que-cerrar\/","title":{"rendered":"Dr. Nasif: \u00abMi vida transcurri\u00f3 dentro de esta cl\u00ednica, 35 a\u00f1os trabaje aqu\u00ed, me duele un mont\u00f3n tener que cerrar\u00bb"},"content":{"rendered":"<!-- VideographyWP Plugin Message: Automatic video embedding prevented by plugin options. -->\n\n<p>\u00abHoy la cl\u00ednica tuvo que cerrar sus puertas por que no es sustentable y viable en su funcionamiento\u00bb as\u00ed comenz\u00f3 el dialogo el Dr. Nasif con el el Diario y explico los motivos por los cuales la comisi\u00f3n directiva decidi\u00f3 cerrar sus puertas.  <\/p>\n\n\n\n<p>\u00abHoy la cl\u00ednica tuvo que cerrar sus puertas por que no es sustentable y viable en su funcionamiento por falta de insumos para radiograf\u00eda, entre otros insumos y ya no era viable hasta peligroso para los pacientes, despu\u00e9s de charlar entre nosotros decidimos bajar la persiana\u00bb explico Nasif.<\/p>\n\n\n\n<p>Se refiere a la reuni\u00f3n que mantuvieron este mediod\u00eda con el intendente Cecilio Salazar y donde explicaron que la situaci\u00f3n era insostenible, por lo que el ejecutivo decidi\u00f3 en hacerse cargo de los pacientes que se encontraban internados en el nosocomio pero el jefe comunal explic\u00f3 que en este momento el municipio no se encuentra capaz de absorber la planta salarial ni la administraci\u00f3n del mismo por lo que el intendente comienza la negociaci\u00f3n con el Ministro de Salud de la Provincia Daniel Gollan para tratar de salvar los puestos de trabajo.<\/p>\n\n\n\n<p>\u00abMi vida transcurri\u00f3 dentro de esta cl\u00ednica, 35 a\u00f1os trabaje aqu\u00ed, me duele un mont\u00f3n tener que cerrar, nosotros muchos de los socios vivimos dentro de la cl\u00ednica durante mucho tiempo, es terrible lo que esta pasando\u00bb.<\/p>\n\n\n\n<iframe data-src=\"https:\/\/www.facebook.com\/plugins\/video.php?height=271&#038;href=https%3A%2F%2Fwww.facebook.com%2Feldiario.desanpedro%2Fvideos%2F1212514222528628%2F&#038;show_text=false&#038;width=560&#038;t=0\" width=\"560\" height=\"271\" style=\"border:none;overflow:hidden\" scrolling=\"no\" frameborder=\"0\" allowfullscreen=\"true\" allow=\"autoplay; clipboard-write; encrypted-media; picture-in-picture; web-share\" allowFullScreen=\"true\" src=\"data:image\/svg+xml;base64,PHN2ZyB3aWR0aD0iMSIgaGVpZ2h0PSIxIiB4bWxucz0iaHR0cDovL3d3dy53My5vcmcvMjAwMC9zdmciPjwvc3ZnPg==\" class=\"lazyload\" data-load-mode=\"1\"><\/iframe>\n","protected":false},"excerpt":{"rendered":"<p>\u00abHoy la cl\u00ednica tuvo que cerrar sus puertas por que no es sustentable y viable en su funcionamiento\u00bb as\u00ed comenz\u00f3 el dialogo el Dr. Nasif con el el Diario y explico los motivos por los cuales la comisi\u00f3n directiva decidi\u00f3 cerrar sus puertas. \u00abHoy la cl\u00ednica tuvo que cerrar sus puertas por que no es [&hellip;]<\/p>\n","protected":false},"author":4,"featured_media":95380,"comment_status":"open","ping_status":"closed","sticky":false,"template":"","format":"standard","meta":{"om_disable_all_campaigns":false,"_jetpack_memberships_contains_paid_content":false,"footnotes":""},"categories":[50,101,2],"tags":[],"class_list":["post-95379","post","type-post","status-publish","format-standard","has-post-thumbnail","hentry","category-destacadas","category-interes-general-locales","category-locales"],"aioseo_notices":[],"gutentor_comment":0,"jetpack_featured_media_url":"https:\/\/eldiariodesanpedro.com.ar\/sitio\/wp-content\/uploads\/2021\/07\/20210707_180830-scaled-e1625697848684.jpg","jetpack_shortlink":"https:\/\/wp.me\/p6RhLt-oOn","jetpack_sharing_enabled":true,"_links":{"self":[{"href":"https:\/\/eldiariodesanpedro.com.ar\/sitio\/wp-json\/wp\/v2\/posts\/95379","targetHints":{"allow":["GET"]}}],"collection":[{"href":"https:\/\/eldiariodesanpedro.com.ar\/sitio\/wp-json\/wp\/v2\/posts"}],"about":[{"href":"https:\/\/eldiariodesanpedro.com.ar\/sitio\/wp-json\/wp\/v2\/types\/post"}],"author":[{"embeddable":true,"href":"https:\/\/eldiariodesanpedro.com.ar\/sitio\/wp-json\/wp\/v2\/users\/4"}],"replies":[{"embeddable":true,"href":"https:\/\/eldiariodesanpedro.com.ar\/sitio\/wp-json\/wp\/v2\/comments?post=95379"}],"version-history":[{"count":1,"href":"https:\/\/eldiariodesanpedro.com.ar\/sitio\/wp-json\/wp\/v2\/posts\/95379\/revisions"}],"predecessor-version":[{"id":95381,"href":"https:\/\/eldiariodesanpedro.com.ar\/sitio\/wp-json\/wp\/v2\/posts\/95379\/revisions\/95381"}],"wp:featuredmedia":[{"embeddable":true,"href":"https:\/\/eldiariodesanpedro.com.ar\/sitio\/wp-json\/wp\/v2\/media\/95380"}],"wp:attachment":[{"href":"https:\/\/eldiariodesanpedro.com.ar\/sitio\/wp-json\/wp\/v2\/media?parent=95379"}],"wp:term":[{"taxonomy":"category","embeddable":true,"href":"https:\/\/eldiariodesanpedro.com.ar\/sitio\/wp-json\/wp\/v2\/categories?post=95379"},{"taxonomy":"post_tag","embeddable":true,"href":"https:\/\/eldiariodesanpedro.com.ar\/sitio\/wp-json\/wp\/v2\/tags?post=95379"}],"curies":[{"name":"wp","href":"https:\/\/api.w.org\/{rel}","templated":true}]}}