{"id":95374,"date":"2021-07-07T19:08:40","date_gmt":"2021-07-07T22:08:40","guid":{"rendered":"https:\/\/eldiariodesanpedro.com.ar\/sitio\/?p=95374"},"modified":"2021-07-07T19:08:45","modified_gmt":"2021-07-07T22:08:45","slug":"la-clinica-san-pedro-cierra-definitivamente-sus-puertas-y-deja-a-70-familias-sin-trabajo","status":"publish","type":"post","link":"https:\/\/eldiariodesanpedro.com.ar\/sitio\/la-clinica-san-pedro-cierra-definitivamente-sus-puertas-y-deja-a-70-familias-sin-trabajo\/","title":{"rendered":"La Cl\u00ednica San Pedro cierra definitivamente sus puertas y deja a 70 familias sin trabajo"},"content":{"rendered":"<!-- VideographyWP Plugin Message: Automatic video embedding prevented by plugin options. -->\n\n<p>Todo comenz\u00f3 el d\u00eda de ayer cuando ya la comisi\u00f3n directiva de la empresa ya hab\u00eda tomado la determinaci\u00f3n de cerrar teniendo en cuneta que los n\u00fameros ya no cerraban para poder seguir estando operativo por lo que los mismo m\u00e9dicos comenzaron a llevarse la aparatolog\u00eda.<\/p>\n\n\n\n<p>En la jornada de hoy amaneci\u00f3 con una asamblea de los trabajadores en el hall de ingreso al edificio donde decidieron retenci\u00f3n de tareas por tiempo indeterminado, pero horas mas tardes recibieron el aviso de cierre definitivo de la cl\u00ednica.<\/p>\n\n\n\n<p>Pasado el mediod\u00eda se realizo una Reuni\u00f3n en la municipalidad donde estuvieron presentes los directivos de la empresa explicando nuevamente la situaci\u00f3n al ejecutivo municipal por lo que no hubo un acuerdo y un poco despu\u00e9s el hospital comenz\u00f3 a trasladar a los pacientes que se encontraban internados en el lugar.<\/p>\n\n\n\n<p>Hab\u00eda dos personas internadas en el \u00e1rea de UTI que fueron trasladados al nosocomio local y otros cuatro internados por covid que fueron trasladados a Andar.<\/p>\n\n\n\n<p>Los 69 trabajadores tendr\u00e1n una reuni\u00f3n el d\u00eda de ma\u00f1ana en el Ministerio de Trabajo para llegar a un acuerdo para cobrar el mes adeudo, el aguinaldo y la indemnizaci\u00f3n.<\/p>\n","protected":false},"excerpt":{"rendered":"<p>Todo comenz\u00f3 el d\u00eda de ayer cuando ya la comisi\u00f3n directiva de la empresa ya hab\u00eda tomado la determinaci\u00f3n de cerrar teniendo en cuneta que los n\u00fameros ya no cerraban para poder seguir estando operativo por lo que los mismo m\u00e9dicos comenzaron a llevarse la aparatolog\u00eda. En la jornada de hoy amaneci\u00f3 con una asamblea [&hellip;]<\/p>\n","protected":false},"author":4,"featured_media":95375,"comment_status":"open","ping_status":"closed","sticky":false,"template":"","format":"standard","meta":{"om_disable_all_campaigns":false,"_jetpack_memberships_contains_paid_content":false,"footnotes":""},"categories":[50,101,2],"tags":[],"class_list":["post-95374","post","type-post","status-publish","format-standard","has-post-thumbnail","hentry","category-destacadas","category-interes-general-locales","category-locales"],"aioseo_notices":[],"gutentor_comment":0,"jetpack_featured_media_url":"https:\/\/eldiariodesanpedro.com.ar\/sitio\/wp-content\/uploads\/2021\/07\/209871070_1599673213575145_2754309284017078439_n.jpg","jetpack_shortlink":"https:\/\/wp.me\/p6RhLt-oOi","jetpack_sharing_enabled":true,"_links":{"self":[{"href":"https:\/\/eldiariodesanpedro.com.ar\/sitio\/wp-json\/wp\/v2\/posts\/95374","targetHints":{"allow":["GET"]}}],"collection":[{"href":"https:\/\/eldiariodesanpedro.com.ar\/sitio\/wp-json\/wp\/v2\/posts"}],"about":[{"href":"https:\/\/eldiariodesanpedro.com.ar\/sitio\/wp-json\/wp\/v2\/types\/post"}],"author":[{"embeddable":true,"href":"https:\/\/eldiariodesanpedro.com.ar\/sitio\/wp-json\/wp\/v2\/users\/4"}],"replies":[{"embeddable":true,"href":"https:\/\/eldiariodesanpedro.com.ar\/sitio\/wp-json\/wp\/v2\/comments?post=95374"}],"version-history":[{"count":1,"href":"https:\/\/eldiariodesanpedro.com.ar\/sitio\/wp-json\/wp\/v2\/posts\/95374\/revisions"}],"predecessor-version":[{"id":95378,"href":"https:\/\/eldiariodesanpedro.com.ar\/sitio\/wp-json\/wp\/v2\/posts\/95374\/revisions\/95378"}],"wp:featuredmedia":[{"embeddable":true,"href":"https:\/\/eldiariodesanpedro.com.ar\/sitio\/wp-json\/wp\/v2\/media\/95375"}],"wp:attachment":[{"href":"https:\/\/eldiariodesanpedro.com.ar\/sitio\/wp-json\/wp\/v2\/media?parent=95374"}],"wp:term":[{"taxonomy":"category","embeddable":true,"href":"https:\/\/eldiariodesanpedro.com.ar\/sitio\/wp-json\/wp\/v2\/categories?post=95374"},{"taxonomy":"post_tag","embeddable":true,"href":"https:\/\/eldiariodesanpedro.com.ar\/sitio\/wp-json\/wp\/v2\/tags?post=95374"}],"curies":[{"name":"wp","href":"https:\/\/api.w.org\/{rel}","templated":true}]}}