{"id":95366,"date":"2021-07-07T12:34:19","date_gmt":"2021-07-07T15:34:19","guid":{"rendered":"https:\/\/eldiariodesanpedro.com.ar\/sitio\/?p=95366"},"modified":"2021-07-07T12:34:22","modified_gmt":"2021-07-07T15:34:22","slug":"tenia-estacionado-su-auto-frente-a-su-casa-y-un-delincuente-trato-de-abrirle-la-puerta","status":"publish","type":"post","link":"https:\/\/eldiariodesanpedro.com.ar\/sitio\/tenia-estacionado-su-auto-frente-a-su-casa-y-un-delincuente-trato-de-abrirle-la-puerta\/","title":{"rendered":"Tenia estacionado su auto frente a su casa y un delincuente trato de abrirle la puerta"},"content":{"rendered":"<!-- VideographyWP Plugin Message: Automatic video embedding prevented by plugin options. -->\n\n<p>En la jornada de ayer un ciudadano realiz\u00f3 la denuncia por un intento de robo en su veh\u00edculo.<\/p>\n\n\n\n<p>El hecho seg\u00fan fue denunciado por un masculino mayor de edad ocurri\u00f3 en horas de la noche de este martes cuando dej\u00f3 su autom\u00f3vil estacionado frente a su vivienda ubicada en calle Cucit y al momento de retirarse constata rotura de la puerta de acompa\u00f1ante por un masculino que se da a la fuga al ser visto por el denunciante.<\/p>\n","protected":false},"excerpt":{"rendered":"<p>En la jornada de ayer un ciudadano realiz\u00f3 la denuncia por un intento de robo en su veh\u00edculo. El hecho seg\u00fan fue denunciado por un masculino mayor de edad ocurri\u00f3 en horas de la noche de este martes cuando dej\u00f3 su autom\u00f3vil estacionado frente a su vivienda ubicada en calle Cucit y al momento de [&hellip;]<\/p>\n","protected":false},"author":4,"featured_media":78843,"comment_status":"open","ping_status":"closed","sticky":false,"template":"","format":"standard","meta":{"om_disable_all_campaigns":false,"_jetpack_memberships_contains_paid_content":false,"footnotes":""},"categories":[2,103],"tags":[],"class_list":["post-95366","post","type-post","status-publish","format-standard","has-post-thumbnail","hentry","category-locales","category-policiales-locales"],"aioseo_notices":[],"gutentor_comment":0,"jetpack_featured_media_url":"https:\/\/eldiariodesanpedro.com.ar\/sitio\/wp-content\/uploads\/2020\/08\/0.jpg","jetpack_shortlink":"https:\/\/wp.me\/p6RhLt-oOa","jetpack_sharing_enabled":true,"_links":{"self":[{"href":"https:\/\/eldiariodesanpedro.com.ar\/sitio\/wp-json\/wp\/v2\/posts\/95366","targetHints":{"allow":["GET"]}}],"collection":[{"href":"https:\/\/eldiariodesanpedro.com.ar\/sitio\/wp-json\/wp\/v2\/posts"}],"about":[{"href":"https:\/\/eldiariodesanpedro.com.ar\/sitio\/wp-json\/wp\/v2\/types\/post"}],"author":[{"embeddable":true,"href":"https:\/\/eldiariodesanpedro.com.ar\/sitio\/wp-json\/wp\/v2\/users\/4"}],"replies":[{"embeddable":true,"href":"https:\/\/eldiariodesanpedro.com.ar\/sitio\/wp-json\/wp\/v2\/comments?post=95366"}],"version-history":[{"count":1,"href":"https:\/\/eldiariodesanpedro.com.ar\/sitio\/wp-json\/wp\/v2\/posts\/95366\/revisions"}],"predecessor-version":[{"id":95367,"href":"https:\/\/eldiariodesanpedro.com.ar\/sitio\/wp-json\/wp\/v2\/posts\/95366\/revisions\/95367"}],"wp:featuredmedia":[{"embeddable":true,"href":"https:\/\/eldiariodesanpedro.com.ar\/sitio\/wp-json\/wp\/v2\/media\/78843"}],"wp:attachment":[{"href":"https:\/\/eldiariodesanpedro.com.ar\/sitio\/wp-json\/wp\/v2\/media?parent=95366"}],"wp:term":[{"taxonomy":"category","embeddable":true,"href":"https:\/\/eldiariodesanpedro.com.ar\/sitio\/wp-json\/wp\/v2\/categories?post=95366"},{"taxonomy":"post_tag","embeddable":true,"href":"https:\/\/eldiariodesanpedro.com.ar\/sitio\/wp-json\/wp\/v2\/tags?post=95366"}],"curies":[{"name":"wp","href":"https:\/\/api.w.org\/{rel}","templated":true}]}}