{"id":95364,"date":"2021-07-07T12:12:22","date_gmt":"2021-07-07T15:12:22","guid":{"rendered":"https:\/\/eldiariodesanpedro.com.ar\/sitio\/?p=95364"},"modified":"2021-07-07T12:12:27","modified_gmt":"2021-07-07T15:12:27","slug":"robaron-materiales-de-construccion-en-una-vivienda-en-zona-rural","status":"publish","type":"post","link":"https:\/\/eldiariodesanpedro.com.ar\/sitio\/robaron-materiales-de-construccion-en-una-vivienda-en-zona-rural\/","title":{"rendered":"Robaron materiales de construcci\u00f3n en una vivienda en zona rural"},"content":{"rendered":"<!-- VideographyWP Plugin Message: Automatic video embedding prevented by plugin options. -->\n\n<p>Este mi\u00e9rcoles se realiz\u00f3 una denuncia en la dependencia local por el hurto de materiales de construcci\u00f3n.<\/p>\n\n\n\n<p>En horas de la ma\u00f1ana en la comisar\u00eda local un ciudadano de 48 a\u00f1os realiz\u00f3 la denuncia tras constatar que en una finca ubicada en calle callej\u00f3n Tulisi zona rural, autores&nbsp; ignorados sustraen varillas de hierro, la vivienda se encuentra actualmente sin moradores por lo que no tiene idea en qu\u00e9 momento puede haber ocurrido el hecho.<\/p>\n","protected":false},"excerpt":{"rendered":"<p>Este mi\u00e9rcoles se realiz\u00f3 una denuncia en la dependencia local por el hurto de materiales de construcci\u00f3n. En horas de la ma\u00f1ana en la comisar\u00eda local un ciudadano de 48 a\u00f1os realiz\u00f3 la denuncia tras constatar que en una finca ubicada en calle callej\u00f3n Tulisi zona rural, autores&nbsp; ignorados sustraen varillas de hierro, la vivienda [&hellip;]<\/p>\n","protected":false},"author":4,"featured_media":45394,"comment_status":"open","ping_status":"closed","sticky":false,"template":"","format":"standard","meta":{"om_disable_all_campaigns":false,"_jetpack_memberships_contains_paid_content":false,"footnotes":""},"categories":[2,103],"tags":[],"class_list":["post-95364","post","type-post","status-publish","format-standard","has-post-thumbnail","hentry","category-locales","category-policiales-locales"],"aioseo_notices":[],"gutentor_comment":0,"jetpack_featured_media_url":"https:\/\/eldiariodesanpedro.com.ar\/sitio\/wp-content\/uploads\/2019\/01\/comisaria.jpg","jetpack_shortlink":"https:\/\/wp.me\/p6RhLt-oO8","jetpack_sharing_enabled":true,"_links":{"self":[{"href":"https:\/\/eldiariodesanpedro.com.ar\/sitio\/wp-json\/wp\/v2\/posts\/95364","targetHints":{"allow":["GET"]}}],"collection":[{"href":"https:\/\/eldiariodesanpedro.com.ar\/sitio\/wp-json\/wp\/v2\/posts"}],"about":[{"href":"https:\/\/eldiariodesanpedro.com.ar\/sitio\/wp-json\/wp\/v2\/types\/post"}],"author":[{"embeddable":true,"href":"https:\/\/eldiariodesanpedro.com.ar\/sitio\/wp-json\/wp\/v2\/users\/4"}],"replies":[{"embeddable":true,"href":"https:\/\/eldiariodesanpedro.com.ar\/sitio\/wp-json\/wp\/v2\/comments?post=95364"}],"version-history":[{"count":1,"href":"https:\/\/eldiariodesanpedro.com.ar\/sitio\/wp-json\/wp\/v2\/posts\/95364\/revisions"}],"predecessor-version":[{"id":95365,"href":"https:\/\/eldiariodesanpedro.com.ar\/sitio\/wp-json\/wp\/v2\/posts\/95364\/revisions\/95365"}],"wp:featuredmedia":[{"embeddable":true,"href":"https:\/\/eldiariodesanpedro.com.ar\/sitio\/wp-json\/wp\/v2\/media\/45394"}],"wp:attachment":[{"href":"https:\/\/eldiariodesanpedro.com.ar\/sitio\/wp-json\/wp\/v2\/media?parent=95364"}],"wp:term":[{"taxonomy":"category","embeddable":true,"href":"https:\/\/eldiariodesanpedro.com.ar\/sitio\/wp-json\/wp\/v2\/categories?post=95364"},{"taxonomy":"post_tag","embeddable":true,"href":"https:\/\/eldiariodesanpedro.com.ar\/sitio\/wp-json\/wp\/v2\/tags?post=95364"}],"curies":[{"name":"wp","href":"https:\/\/api.w.org\/{rel}","templated":true}]}}