{"id":95362,"date":"2021-07-07T12:05:23","date_gmt":"2021-07-07T15:05:23","guid":{"rendered":"https:\/\/eldiariodesanpedro.com.ar\/sitio\/?p=95362"},"modified":"2021-07-07T12:05:31","modified_gmt":"2021-07-07T15:05:31","slug":"una-joven-golpeo-a-otra-en-la-via-publica","status":"publish","type":"post","link":"https:\/\/eldiariodesanpedro.com.ar\/sitio\/una-joven-golpeo-a-otra-en-la-via-publica\/","title":{"rendered":"Una joven golpe\u00f3 a otra en la v\u00eda p\u00fablica"},"content":{"rendered":"<!-- VideographyWP Plugin Message: Automatic video embedding prevented by plugin options. -->\n\n<p>En la jornada de ayer martes en la comisar\u00eda de nuestra ciudad se recibi\u00f3 la denuncia por parte de una ciudadana quien declar\u00f3 haber sido agredida.<\/p>\n\n\n\n<p>El hecho ocurri\u00f3 en la jornada de ayer martes en horas de la ma\u00f1ana cuando en calle 25 de mayo y Saavedra la denunciante una joven de 21 a\u00f1os de edad es abordada por otra que sin medir palabra alguna realiza golpes de pu\u00f1o.<\/p>\n\n\n\n<p>Seg\u00fan inform\u00f3 la v\u00edctima se tratar\u00eda de problemas de vieja data.<\/p>\n","protected":false},"excerpt":{"rendered":"<p>En la jornada de ayer martes en la comisar\u00eda de nuestra ciudad se recibi\u00f3 la denuncia por parte de una ciudadana quien declar\u00f3 haber sido agredida. El hecho ocurri\u00f3 en la jornada de ayer martes en horas de la ma\u00f1ana cuando en calle 25 de mayo y Saavedra la denunciante una joven de 21 a\u00f1os [&hellip;]<\/p>\n","protected":false},"author":4,"featured_media":77561,"comment_status":"open","ping_status":"closed","sticky":false,"template":"","format":"standard","meta":{"om_disable_all_campaigns":false,"_jetpack_memberships_contains_paid_content":false,"footnotes":""},"categories":[2,103],"tags":[],"class_list":["post-95362","post","type-post","status-publish","format-standard","has-post-thumbnail","hentry","category-locales","category-policiales-locales"],"aioseo_notices":[],"gutentor_comment":0,"jetpack_featured_media_url":"https:\/\/eldiariodesanpedro.com.ar\/sitio\/wp-content\/uploads\/2020\/07\/20200709072134.jpg","jetpack_shortlink":"https:\/\/wp.me\/p6RhLt-oO6","jetpack_sharing_enabled":true,"_links":{"self":[{"href":"https:\/\/eldiariodesanpedro.com.ar\/sitio\/wp-json\/wp\/v2\/posts\/95362","targetHints":{"allow":["GET"]}}],"collection":[{"href":"https:\/\/eldiariodesanpedro.com.ar\/sitio\/wp-json\/wp\/v2\/posts"}],"about":[{"href":"https:\/\/eldiariodesanpedro.com.ar\/sitio\/wp-json\/wp\/v2\/types\/post"}],"author":[{"embeddable":true,"href":"https:\/\/eldiariodesanpedro.com.ar\/sitio\/wp-json\/wp\/v2\/users\/4"}],"replies":[{"embeddable":true,"href":"https:\/\/eldiariodesanpedro.com.ar\/sitio\/wp-json\/wp\/v2\/comments?post=95362"}],"version-history":[{"count":1,"href":"https:\/\/eldiariodesanpedro.com.ar\/sitio\/wp-json\/wp\/v2\/posts\/95362\/revisions"}],"predecessor-version":[{"id":95363,"href":"https:\/\/eldiariodesanpedro.com.ar\/sitio\/wp-json\/wp\/v2\/posts\/95362\/revisions\/95363"}],"wp:featuredmedia":[{"embeddable":true,"href":"https:\/\/eldiariodesanpedro.com.ar\/sitio\/wp-json\/wp\/v2\/media\/77561"}],"wp:attachment":[{"href":"https:\/\/eldiariodesanpedro.com.ar\/sitio\/wp-json\/wp\/v2\/media?parent=95362"}],"wp:term":[{"taxonomy":"category","embeddable":true,"href":"https:\/\/eldiariodesanpedro.com.ar\/sitio\/wp-json\/wp\/v2\/categories?post=95362"},{"taxonomy":"post_tag","embeddable":true,"href":"https:\/\/eldiariodesanpedro.com.ar\/sitio\/wp-json\/wp\/v2\/tags?post=95362"}],"curies":[{"name":"wp","href":"https:\/\/api.w.org\/{rel}","templated":true}]}}