{"id":95359,"date":"2021-07-07T11:38:14","date_gmt":"2021-07-07T14:38:14","guid":{"rendered":"https:\/\/eldiariodesanpedro.com.ar\/sitio\/?p=95359"},"modified":"2021-07-07T11:38:19","modified_gmt":"2021-07-07T14:38:19","slug":"ramallo-se-aprobo-la-ordenanza-de-alcohol-cero-al-volante","status":"publish","type":"post","link":"https:\/\/eldiariodesanpedro.com.ar\/sitio\/ramallo-se-aprobo-la-ordenanza-de-alcohol-cero-al-volante\/","title":{"rendered":"RAMALLO | Se aprob\u00f3 la ordenanza de \u00abalcohol cero al volante\u00bb"},"content":{"rendered":"<!-- VideographyWP Plugin Message: Automatic video embedding prevented by plugin options. -->\n\n<p>El Concejo Deliberante de Ramallo aprob\u00f3 por unanimidad la ordenanza que determina \u201calcohol cero al volante\u201d en todo el distrito.<\/p>\n\n\n\n<p>La norma proh\u00edbe toda concentraci\u00f3n de alcohol en sangre para los conductores de cualquier tipo de veh\u00edculos motorizados que circulen por la v\u00eda p\u00fablica.<\/p>\n\n\n\n<p>La ordenanza establece la modificaci\u00f3n de distintos art\u00edculos del C\u00f3digo de Faltas al Tr\u00e1nsito, que aplicar\u00e1 sanciones por conducir en estado de alteraci\u00f3n ps\u00edquica, ebriedad o bajo acci\u00f3n estupefacientes o t\u00f3xicos con impedimentos f\u00edsicos o nerviosos que dificulten el manejo con multa de 50 a 250 m\u00f3dulos y\/o inhabilitaci\u00f3n de hasta 365 d\u00edas.<\/p>\n\n\n\n<p>Vale rese\u00f1ar que el proyecto fue presentado por el concejal del Frente de Todos\u00a0<strong>Leandro Torri<\/strong>\u00a0y tuvo el acompa\u00f1amiento del resto de los ediles.<\/p>\n\n\n\n<p>Fuente: <a href=\"http:\/\/www.ramallociudad.com.ar\/nota.asp?id=162658&amp;t=Se-aprobo-la-ordenanza-de-alcohol-cero-al-volante\">Ramallo Ciudad<\/a><\/p>\n","protected":false},"excerpt":{"rendered":"<p>El Concejo Deliberante de Ramallo aprob\u00f3 por unanimidad la ordenanza que determina \u201calcohol cero al volante\u201d en todo el distrito. La norma proh\u00edbe toda concentraci\u00f3n de alcohol en sangre para los conductores de cualquier tipo de veh\u00edculos motorizados que circulen por la v\u00eda p\u00fablica. La ordenanza establece la modificaci\u00f3n de distintos art\u00edculos del C\u00f3digo de [&hellip;]<\/p>\n","protected":false},"author":4,"featured_media":95360,"comment_status":"open","ping_status":"closed","sticky":false,"template":"","format":"standard","meta":{"om_disable_all_campaigns":false,"_jetpack_memberships_contains_paid_content":false,"footnotes":""},"categories":[621],"tags":[],"class_list":["post-95359","post","type-post","status-publish","format-standard","has-post-thumbnail","hentry","category-regionales"],"aioseo_notices":[],"gutentor_comment":0,"jetpack_featured_media_url":"https:\/\/eldiariodesanpedro.com.ar\/sitio\/wp-content\/uploads\/2021\/07\/bbx_363747939_1_alcohol_cero.jpg","jetpack_shortlink":"https:\/\/wp.me\/p6RhLt-oO3","jetpack_sharing_enabled":true,"_links":{"self":[{"href":"https:\/\/eldiariodesanpedro.com.ar\/sitio\/wp-json\/wp\/v2\/posts\/95359","targetHints":{"allow":["GET"]}}],"collection":[{"href":"https:\/\/eldiariodesanpedro.com.ar\/sitio\/wp-json\/wp\/v2\/posts"}],"about":[{"href":"https:\/\/eldiariodesanpedro.com.ar\/sitio\/wp-json\/wp\/v2\/types\/post"}],"author":[{"embeddable":true,"href":"https:\/\/eldiariodesanpedro.com.ar\/sitio\/wp-json\/wp\/v2\/users\/4"}],"replies":[{"embeddable":true,"href":"https:\/\/eldiariodesanpedro.com.ar\/sitio\/wp-json\/wp\/v2\/comments?post=95359"}],"version-history":[{"count":1,"href":"https:\/\/eldiariodesanpedro.com.ar\/sitio\/wp-json\/wp\/v2\/posts\/95359\/revisions"}],"predecessor-version":[{"id":95361,"href":"https:\/\/eldiariodesanpedro.com.ar\/sitio\/wp-json\/wp\/v2\/posts\/95359\/revisions\/95361"}],"wp:featuredmedia":[{"embeddable":true,"href":"https:\/\/eldiariodesanpedro.com.ar\/sitio\/wp-json\/wp\/v2\/media\/95360"}],"wp:attachment":[{"href":"https:\/\/eldiariodesanpedro.com.ar\/sitio\/wp-json\/wp\/v2\/media?parent=95359"}],"wp:term":[{"taxonomy":"category","embeddable":true,"href":"https:\/\/eldiariodesanpedro.com.ar\/sitio\/wp-json\/wp\/v2\/categories?post=95359"},{"taxonomy":"post_tag","embeddable":true,"href":"https:\/\/eldiariodesanpedro.com.ar\/sitio\/wp-json\/wp\/v2\/tags?post=95359"}],"curies":[{"name":"wp","href":"https:\/\/api.w.org\/{rel}","templated":true}]}}