{"id":95356,"date":"2021-07-07T11:35:39","date_gmt":"2021-07-07T14:35:39","guid":{"rendered":"https:\/\/eldiariodesanpedro.com.ar\/sitio\/?p=95356"},"modified":"2021-07-07T11:35:44","modified_gmt":"2021-07-07T14:35:44","slug":"san-nicolas-un-abuelo-se-enfermo-y-las-personas-que-lo-cuidaban-trataron-de-venderle-la-casa","status":"publish","type":"post","link":"https:\/\/eldiariodesanpedro.com.ar\/sitio\/san-nicolas-un-abuelo-se-enfermo-y-las-personas-que-lo-cuidaban-trataron-de-venderle-la-casa\/","title":{"rendered":"SAN NICOL\u00c1S | Un abuelo se enfermo y las personas que lo cuidaban trataron de venderle la casa"},"content":{"rendered":"<!-- VideographyWP Plugin Message: Automatic video embedding prevented by plugin options. -->\n\n<p>Un hombre de 89 a\u00f1os radic\u00f3 una denuncia en la Comisar\u00eda segunda, manifestando que meses atr\u00e1s hab\u00eda sido internado por problemas card\u00edacos, perdiendo el conocimiento.<\/p>\n\n\n\n<p>Al recobrar la conciencia se encontraba en una vivienda ubicada en el Sector K &#8211; Casa 3, del barrio IVBA, a cuyos moradores conoce y quienes aparentemente lo cuidaban, haci\u00e9ndole firmar documentos que desconoc\u00eda y qued\u00e1ndose con su DNI, tarjera de cobro de la jubilaci\u00f3n y la escritura de su casa.<\/p>\n\n\n\n<p>El d\u00eda de la fecha, personal del G.T.O. de la Comisar\u00eda Segunda, con la colaboraci\u00f3n del Comando de Patrulla y Polic\u00eda Local, realizaron un allanamiento en el domicilio antes mencionado, secuestrando documentaci\u00f3n y boletos de compraventa del domicilio propiedad del anciano que radic\u00f3 la denuncia.<\/p>\n\n\n\n<p>La Fiscal\u00eda dispuso la notificaci\u00f3n del art\u00edculo 60 del C\u00f3digo Penal por el delito de Defraudaci\u00f3n por Retenci\u00f3n Indebida.<\/p>\n\n\n\n<p>Fuente: <a href=\"http:\/\/www.diarioelinformante.com.ar\/nota-60805_aparentaban-cuidarlo-pero-intentaron-venderle-la-casa\">Diario El Informante<\/a><\/p>\n","protected":false},"excerpt":{"rendered":"<p>Un hombre de 89 a\u00f1os radic\u00f3 una denuncia en la Comisar\u00eda segunda, manifestando que meses atr\u00e1s hab\u00eda sido internado por problemas card\u00edacos, perdiendo el conocimiento. Al recobrar la conciencia se encontraba en una vivienda ubicada en el Sector K &#8211; Casa 3, del barrio IVBA, a cuyos moradores conoce y quienes aparentemente lo cuidaban, haci\u00e9ndole [&hellip;]<\/p>\n","protected":false},"author":4,"featured_media":95357,"comment_status":"open","ping_status":"closed","sticky":false,"template":"","format":"standard","meta":{"om_disable_all_campaigns":false,"_jetpack_memberships_contains_paid_content":false,"footnotes":""},"categories":[621],"tags":[],"class_list":["post-95356","post","type-post","status-publish","format-standard","has-post-thumbnail","hentry","category-regionales"],"aioseo_notices":[],"gutentor_comment":0,"jetpack_featured_media_url":"https:\/\/eldiariodesanpedro.com.ar\/sitio\/wp-content\/uploads\/2021\/07\/no_k5mylqtlradqcq3Patrullero.jpg","jetpack_shortlink":"https:\/\/wp.me\/p6RhLt-oO0","jetpack_sharing_enabled":true,"_links":{"self":[{"href":"https:\/\/eldiariodesanpedro.com.ar\/sitio\/wp-json\/wp\/v2\/posts\/95356","targetHints":{"allow":["GET"]}}],"collection":[{"href":"https:\/\/eldiariodesanpedro.com.ar\/sitio\/wp-json\/wp\/v2\/posts"}],"about":[{"href":"https:\/\/eldiariodesanpedro.com.ar\/sitio\/wp-json\/wp\/v2\/types\/post"}],"author":[{"embeddable":true,"href":"https:\/\/eldiariodesanpedro.com.ar\/sitio\/wp-json\/wp\/v2\/users\/4"}],"replies":[{"embeddable":true,"href":"https:\/\/eldiariodesanpedro.com.ar\/sitio\/wp-json\/wp\/v2\/comments?post=95356"}],"version-history":[{"count":1,"href":"https:\/\/eldiariodesanpedro.com.ar\/sitio\/wp-json\/wp\/v2\/posts\/95356\/revisions"}],"predecessor-version":[{"id":95358,"href":"https:\/\/eldiariodesanpedro.com.ar\/sitio\/wp-json\/wp\/v2\/posts\/95356\/revisions\/95358"}],"wp:featuredmedia":[{"embeddable":true,"href":"https:\/\/eldiariodesanpedro.com.ar\/sitio\/wp-json\/wp\/v2\/media\/95357"}],"wp:attachment":[{"href":"https:\/\/eldiariodesanpedro.com.ar\/sitio\/wp-json\/wp\/v2\/media?parent=95356"}],"wp:term":[{"taxonomy":"category","embeddable":true,"href":"https:\/\/eldiariodesanpedro.com.ar\/sitio\/wp-json\/wp\/v2\/categories?post=95356"},{"taxonomy":"post_tag","embeddable":true,"href":"https:\/\/eldiariodesanpedro.com.ar\/sitio\/wp-json\/wp\/v2\/tags?post=95356"}],"curies":[{"name":"wp","href":"https:\/\/api.w.org\/{rel}","templated":true}]}}