{"id":95341,"date":"2021-07-07T11:03:24","date_gmt":"2021-07-07T14:03:24","guid":{"rendered":"https:\/\/eldiariodesanpedro.com.ar\/sitio\/?p=95341"},"modified":"2021-07-07T11:03:28","modified_gmt":"2021-07-07T14:03:28","slug":"retencion-de-tareas-en-la-clinica-san-pedro-y-denuncian-los-empleados-que-continua-el-vaciamiento","status":"publish","type":"post","link":"https:\/\/eldiariodesanpedro.com.ar\/sitio\/retencion-de-tareas-en-la-clinica-san-pedro-y-denuncian-los-empleados-que-continua-el-vaciamiento\/","title":{"rendered":"Retenci\u00f3n de tareas en la Cl\u00ednica San Pedro y denuncian los empleados que continua el vaciamiento"},"content":{"rendered":"<!-- VideographyWP Plugin Message: Automatic video embedding prevented by plugin options. -->\n\n<p>En la ma\u00f1ana de hoy los empleados de la Cl\u00ednica San Pedro realizaron una asamblea luego de que en horas de la noche m\u00e9dicos volvieron a extraer aparatolog\u00eda pertenecientes al centro de salud. Adem\u00e1s los empelados reclaman el pago de haberes del mes de junio y el correspondiente aguinaldo que seg\u00fan las autoridades de la empresa no se abonara este a\u00f1o.<\/p>\n\n\n\n<p>En la primeras horas del d\u00eda de hoy los empleados auto convocados de la Cl\u00ednica San Pedro realizaron una asamblea y dictaminaron realizar una retenci\u00f3n de tareas en modo de reclamo para poder recibir una soluci\u00f3n al problema que esta esta pasando la cl\u00ednica y por el miedo al cierre definitivo perdiendo de esta manera 69 puestos de trabajos.<\/p>\n\n\n\n<p>Lo que solicitan los trabajadores de la cl\u00ednica es la intervenci\u00f3n del estado teniendo en cuenta que con la ultima visita del Ministro de Salud de la Provincia Daniel Gollan aseguro que existe una posibilidad de una ayuda que brinda el estado para salvar cl\u00ednicas que se encuentran al borde de la quiebra, como es la situaci\u00f3n del nosocomio privado local.<\/p>\n\n\n\n<p><\/p>\n","protected":false},"excerpt":{"rendered":"<p>En la ma\u00f1ana de hoy los empleados de la Cl\u00ednica San Pedro realizaron una asamblea luego de que en horas de la noche m\u00e9dicos volvieron a extraer aparatolog\u00eda pertenecientes al centro de salud. Adem\u00e1s los empelados reclaman el pago de haberes del mes de junio y el correspondiente aguinaldo que seg\u00fan las autoridades de la [&hellip;]<\/p>\n","protected":false},"author":4,"featured_media":95342,"comment_status":"open","ping_status":"closed","sticky":false,"template":"","format":"standard","meta":{"om_disable_all_campaigns":false,"_jetpack_memberships_contains_paid_content":false,"footnotes":""},"categories":[50,101,2],"tags":[],"class_list":["post-95341","post","type-post","status-publish","format-standard","has-post-thumbnail","hentry","category-destacadas","category-interes-general-locales","category-locales"],"aioseo_notices":[],"gutentor_comment":0,"jetpack_featured_media_url":"https:\/\/eldiariodesanpedro.com.ar\/sitio\/wp-content\/uploads\/2021\/07\/Clinica-San-Pedro.png","jetpack_shortlink":"https:\/\/wp.me\/p6RhLt-oNL","jetpack_sharing_enabled":true,"_links":{"self":[{"href":"https:\/\/eldiariodesanpedro.com.ar\/sitio\/wp-json\/wp\/v2\/posts\/95341","targetHints":{"allow":["GET"]}}],"collection":[{"href":"https:\/\/eldiariodesanpedro.com.ar\/sitio\/wp-json\/wp\/v2\/posts"}],"about":[{"href":"https:\/\/eldiariodesanpedro.com.ar\/sitio\/wp-json\/wp\/v2\/types\/post"}],"author":[{"embeddable":true,"href":"https:\/\/eldiariodesanpedro.com.ar\/sitio\/wp-json\/wp\/v2\/users\/4"}],"replies":[{"embeddable":true,"href":"https:\/\/eldiariodesanpedro.com.ar\/sitio\/wp-json\/wp\/v2\/comments?post=95341"}],"version-history":[{"count":1,"href":"https:\/\/eldiariodesanpedro.com.ar\/sitio\/wp-json\/wp\/v2\/posts\/95341\/revisions"}],"predecessor-version":[{"id":95343,"href":"https:\/\/eldiariodesanpedro.com.ar\/sitio\/wp-json\/wp\/v2\/posts\/95341\/revisions\/95343"}],"wp:featuredmedia":[{"embeddable":true,"href":"https:\/\/eldiariodesanpedro.com.ar\/sitio\/wp-json\/wp\/v2\/media\/95342"}],"wp:attachment":[{"href":"https:\/\/eldiariodesanpedro.com.ar\/sitio\/wp-json\/wp\/v2\/media?parent=95341"}],"wp:term":[{"taxonomy":"category","embeddable":true,"href":"https:\/\/eldiariodesanpedro.com.ar\/sitio\/wp-json\/wp\/v2\/categories?post=95341"},{"taxonomy":"post_tag","embeddable":true,"href":"https:\/\/eldiariodesanpedro.com.ar\/sitio\/wp-json\/wp\/v2\/tags?post=95341"}],"curies":[{"name":"wp","href":"https:\/\/api.w.org\/{rel}","templated":true}]}}