{"id":95337,"date":"2021-07-07T10:16:07","date_gmt":"2021-07-07T13:16:07","guid":{"rendered":"https:\/\/eldiariodesanpedro.com.ar\/sitio\/?p=95337"},"modified":"2021-07-07T10:16:14","modified_gmt":"2021-07-07T13:16:14","slug":"salazar-visito-zarate-y-se-reunio-con-el-intendente-caffaro","status":"publish","type":"post","link":"https:\/\/eldiariodesanpedro.com.ar\/sitio\/salazar-visito-zarate-y-se-reunio-con-el-intendente-caffaro\/","title":{"rendered":"Salazar visit\u00f3 Z\u00e1rate y se reuni\u00f3 con el Intendente C\u00e1ffaro"},"content":{"rendered":"<!-- VideographyWP Plugin Message: Automatic video embedding prevented by plugin options. -->\n\n<p>En un encuentro desarrollado esta ma\u00f1ana en la Municipalidad de Z\u00e1rate, el Intendente de esa ciudad Osvaldo Ra\u00fal C\u00e1ffaro, recibi\u00f3 al Intendente de San Pedro, Cecilio Salazar.<\/p>\n\n\n\n<p>Fue un encuentro pol\u00edtico relevante de dos intendentes con una gran experiencia en la gesti\u00f3n en el que analizaron la cooperaci\u00f3n posible en varios temas en com\u00fan.<\/p>\n\n\n\n<p>En esa localidad el Organismo Provincial para el Desarrollo Sostenible (OPDS) declar\u00f3 ambientalmente apto un predio para la disposici\u00f3n final de residuos s\u00f3lidos urbanos en el que se ven\u00eda planificando una experiencia sumamente interesante para replicar en otros distritos y que ahora ha sido validada por el m\u00e1ximo organismo en la materia. Por tal motivo, se agendaron reuniones y visitas para poder intercambiar experiencias.<\/p>\n\n\n\n<p>Adem\u00e1s se planificaron actividades conjuntas de representantes de las \u00e1reas vinculadas con Obras P\u00fablicas y Turismo para conocer m\u00e1s detalles sobre el M\u00e1ster Plan Costanera a trav\u00e9s del cual se recuper\u00f3 un importante espacio p\u00fablico destinado a la integraci\u00f3n social y el esparcimiento en un punto clave de la ciudad con vista al R\u00edo Paran\u00e1 de las Palmas.<\/p>\n\n\n\n<figure class=\"wp-block-image size-large\"><img decoding=\"async\" width=\"768\" height=\"1024\" data-attachment-id=\"95338\" data-permalink=\"https:\/\/eldiariodesanpedro.com.ar\/sitio\/salazar-visito-zarate-y-se-reunio-con-el-intendente-caffaro\/whatsapp-image-2021-07-06-at-20-41-19-1\/\" data-orig-file=\"https:\/\/eldiariodesanpedro.com.ar\/sitio\/wp-content\/uploads\/2021\/07\/WhatsApp-Image-2021-07-06-at-20.41.19-1.jpeg\" data-orig-size=\"960,1280\" data-comments-opened=\"1\" data-image-meta=\"{&quot;aperture&quot;:&quot;0&quot;,&quot;credit&quot;:&quot;&quot;,&quot;camera&quot;:&quot;&quot;,&quot;caption&quot;:&quot;&quot;,&quot;created_timestamp&quot;:&quot;0&quot;,&quot;copyright&quot;:&quot;&quot;,&quot;focal_length&quot;:&quot;0&quot;,&quot;iso&quot;:&quot;0&quot;,&quot;shutter_speed&quot;:&quot;0&quot;,&quot;title&quot;:&quot;&quot;,&quot;orientation&quot;:&quot;0&quot;}\" data-image-title=\"WhatsApp Image 2021-07-06 at 20.41.19 (1)\" data-image-description=\"\" data-image-caption=\"\" data-large-file=\"https:\/\/eldiariodesanpedro.com.ar\/sitio\/wp-content\/uploads\/2021\/07\/WhatsApp-Image-2021-07-06-at-20.41.19-1-768x1024.jpeg\" data-src=\"https:\/\/eldiariodesanpedro.com.ar\/sitio\/wp-content\/uploads\/2021\/07\/WhatsApp-Image-2021-07-06-at-20.41.19-1-768x1024.jpeg\" alt=\"\" class=\"wp-image-95338 lazyload\" data-srcset=\"https:\/\/eldiariodesanpedro.com.ar\/sitio\/wp-content\/uploads\/2021\/07\/WhatsApp-Image-2021-07-06-at-20.41.19-1-768x1024.jpeg 768w, https:\/\/eldiariodesanpedro.com.ar\/sitio\/wp-content\/uploads\/2021\/07\/WhatsApp-Image-2021-07-06-at-20.41.19-1-225x300.jpeg 225w, https:\/\/eldiariodesanpedro.com.ar\/sitio\/wp-content\/uploads\/2021\/07\/WhatsApp-Image-2021-07-06-at-20.41.19-1.jpeg 960w\" data-sizes=\"(max-width: 768px) 100vw, 768px\" src=\"data:image\/svg+xml;base64,PHN2ZyB3aWR0aD0iMSIgaGVpZ2h0PSIxIiB4bWxucz0iaHR0cDovL3d3dy53My5vcmcvMjAwMC9zdmciPjwvc3ZnPg==\" style=\"--smush-placeholder-width: 768px; --smush-placeholder-aspect-ratio: 768\/1024;\" \/><\/figure>\n","protected":false},"excerpt":{"rendered":"<p>En un encuentro desarrollado esta ma\u00f1ana en la Municipalidad de Z\u00e1rate, el Intendente de esa ciudad Osvaldo Ra\u00fal C\u00e1ffaro, recibi\u00f3 al Intendente de San Pedro, Cecilio Salazar. Fue un encuentro pol\u00edtico relevante de dos intendentes con una gran experiencia en la gesti\u00f3n en el que analizaron la cooperaci\u00f3n posible en varios temas en com\u00fan. En [&hellip;]<\/p>\n","protected":false},"author":4,"featured_media":95339,"comment_status":"open","ping_status":"closed","sticky":false,"template":"","format":"standard","meta":{"om_disable_all_campaigns":false,"_jetpack_memberships_contains_paid_content":false,"footnotes":""},"categories":[101,2],"tags":[],"class_list":["post-95337","post","type-post","status-publish","format-standard","has-post-thumbnail","hentry","category-interes-general-locales","category-locales"],"aioseo_notices":[],"gutentor_comment":0,"jetpack_featured_media_url":"https:\/\/eldiariodesanpedro.com.ar\/sitio\/wp-content\/uploads\/2021\/07\/WhatsApp-Image-2021-07-06-at-20.41.19.jpeg","jetpack_shortlink":"https:\/\/wp.me\/p6RhLt-oNH","jetpack_sharing_enabled":true,"_links":{"self":[{"href":"https:\/\/eldiariodesanpedro.com.ar\/sitio\/wp-json\/wp\/v2\/posts\/95337","targetHints":{"allow":["GET"]}}],"collection":[{"href":"https:\/\/eldiariodesanpedro.com.ar\/sitio\/wp-json\/wp\/v2\/posts"}],"about":[{"href":"https:\/\/eldiariodesanpedro.com.ar\/sitio\/wp-json\/wp\/v2\/types\/post"}],"author":[{"embeddable":true,"href":"https:\/\/eldiariodesanpedro.com.ar\/sitio\/wp-json\/wp\/v2\/users\/4"}],"replies":[{"embeddable":true,"href":"https:\/\/eldiariodesanpedro.com.ar\/sitio\/wp-json\/wp\/v2\/comments?post=95337"}],"version-history":[{"count":1,"href":"https:\/\/eldiariodesanpedro.com.ar\/sitio\/wp-json\/wp\/v2\/posts\/95337\/revisions"}],"predecessor-version":[{"id":95340,"href":"https:\/\/eldiariodesanpedro.com.ar\/sitio\/wp-json\/wp\/v2\/posts\/95337\/revisions\/95340"}],"wp:featuredmedia":[{"embeddable":true,"href":"https:\/\/eldiariodesanpedro.com.ar\/sitio\/wp-json\/wp\/v2\/media\/95339"}],"wp:attachment":[{"href":"https:\/\/eldiariodesanpedro.com.ar\/sitio\/wp-json\/wp\/v2\/media?parent=95337"}],"wp:term":[{"taxonomy":"category","embeddable":true,"href":"https:\/\/eldiariodesanpedro.com.ar\/sitio\/wp-json\/wp\/v2\/categories?post=95337"},{"taxonomy":"post_tag","embeddable":true,"href":"https:\/\/eldiariodesanpedro.com.ar\/sitio\/wp-json\/wp\/v2\/tags?post=95337"}],"curies":[{"name":"wp","href":"https:\/\/api.w.org\/{rel}","templated":true}]}}