{"id":95319,"date":"2021-07-06T18:00:10","date_gmt":"2021-07-06T21:00:10","guid":{"rendered":"https:\/\/eldiariodesanpedro.com.ar\/sitio\/?p=95319"},"modified":"2021-07-06T18:00:15","modified_gmt":"2021-07-06T21:00:15","slug":"limpieza-de-zonas-riberenas-para-nuevos-espacios-publicos-en-la-zona-de-cantando-en-el-rio","status":"publish","type":"post","link":"https:\/\/eldiariodesanpedro.com.ar\/sitio\/limpieza-de-zonas-riberenas-para-nuevos-espacios-publicos-en-la-zona-de-cantando-en-el-rio\/","title":{"rendered":"Limpieza de zonas ribere\u00f1as para nuevos espacios p\u00fablicos en la zona de Cantando en el R\u00edo"},"content":{"rendered":"<!-- VideographyWP Plugin Message: Automatic video embedding prevented by plugin options. -->\n\n<p>La Secretaria de Turismo Marcela Cu\u00f1er, el Secretario de Servicios P\u00fablicos Ariel \u00c1lvarez y el Director de Servicios P\u00fablicos Gustavo Franco, recorrieron junto a miembros del equipo de sus respectivas \u00e1reas, la zona ribere\u00f1a en los alrededores del predio conocido como \u00abCantando en el R\u00edo\u00bb en donde han comenzado a llevarse adelante tareas de limpieza, preparando la apertura de nuevos espacios abiertos a los vecinos y turistas.<\/p>\n\n\n\n<p>La intenci\u00f3n del gobierno municipal, recogiendo inquietudes recibidas y a trav\u00e9s del trabajo conjunto de estas secretar\u00edas es mantener estos sectores abiertos y con el mantenimiento apropiado para que puedan ser aprovechados para recreaci\u00f3n y especialmente para la pesca.<\/p>\n\n\n\n<p>La gran afluencia que se registra en toda la zona de ese camino costero es creciente y el objetivo es ampliar la infraestructura y los espacios de acceso libre y as\u00ed incrementar la oferta para quienes nos visitan y para las familias sampedrinas. Las tareas incluyen trabajos en el mantenimiento de ese camino al pie de las barrancas.<\/p>\n\n\n\n<figure class=\"wp-block-image size-large\"><img decoding=\"async\" width=\"1024\" height=\"724\" data-attachment-id=\"95320\" data-permalink=\"https:\/\/eldiariodesanpedro.com.ar\/sitio\/limpieza-de-zonas-riberenas-para-nuevos-espacios-publicos-en-la-zona-de-cantando-en-el-rio\/whatsapp-image-2021-07-06-at-14-05-38\/\" data-orig-file=\"https:\/\/eldiariodesanpedro.com.ar\/sitio\/wp-content\/uploads\/2021\/07\/WhatsApp-Image-2021-07-06-at-14.05.38.jpeg\" data-orig-size=\"1280,905\" data-comments-opened=\"1\" data-image-meta=\"{&quot;aperture&quot;:&quot;0&quot;,&quot;credit&quot;:&quot;&quot;,&quot;camera&quot;:&quot;&quot;,&quot;caption&quot;:&quot;&quot;,&quot;created_timestamp&quot;:&quot;0&quot;,&quot;copyright&quot;:&quot;&quot;,&quot;focal_length&quot;:&quot;0&quot;,&quot;iso&quot;:&quot;0&quot;,&quot;shutter_speed&quot;:&quot;0&quot;,&quot;title&quot;:&quot;&quot;,&quot;orientation&quot;:&quot;0&quot;}\" data-image-title=\"WhatsApp Image 2021-07-06 at 14.05.38\" data-image-description=\"\" data-image-caption=\"\" data-large-file=\"https:\/\/eldiariodesanpedro.com.ar\/sitio\/wp-content\/uploads\/2021\/07\/WhatsApp-Image-2021-07-06-at-14.05.38-1024x724.jpeg\" data-src=\"https:\/\/eldiariodesanpedro.com.ar\/sitio\/wp-content\/uploads\/2021\/07\/WhatsApp-Image-2021-07-06-at-14.05.38-1024x724.jpeg\" alt=\"\" class=\"wp-image-95320 lazyload\" data-srcset=\"https:\/\/eldiariodesanpedro.com.ar\/sitio\/wp-content\/uploads\/2021\/07\/WhatsApp-Image-2021-07-06-at-14.05.38-1024x724.jpeg 1024w, https:\/\/eldiariodesanpedro.com.ar\/sitio\/wp-content\/uploads\/2021\/07\/WhatsApp-Image-2021-07-06-at-14.05.38-300x212.jpeg 300w, https:\/\/eldiariodesanpedro.com.ar\/sitio\/wp-content\/uploads\/2021\/07\/WhatsApp-Image-2021-07-06-at-14.05.38-768x543.jpeg 768w, https:\/\/eldiariodesanpedro.com.ar\/sitio\/wp-content\/uploads\/2021\/07\/WhatsApp-Image-2021-07-06-at-14.05.38.jpeg 1280w\" data-sizes=\"(max-width: 1024px) 100vw, 1024px\" src=\"data:image\/svg+xml;base64,PHN2ZyB3aWR0aD0iMSIgaGVpZ2h0PSIxIiB4bWxucz0iaHR0cDovL3d3dy53My5vcmcvMjAwMC9zdmciPjwvc3ZnPg==\" style=\"--smush-placeholder-width: 1024px; --smush-placeholder-aspect-ratio: 1024\/724;\" \/><\/figure>\n\n\n\n<figure class=\"wp-block-image size-large\"><img decoding=\"async\" width=\"682\" height=\"1024\" data-attachment-id=\"95322\" data-permalink=\"https:\/\/eldiariodesanpedro.com.ar\/sitio\/limpieza-de-zonas-riberenas-para-nuevos-espacios-publicos-en-la-zona-de-cantando-en-el-rio\/whatsapp-image-2021-07-06-at-14-05-43\/\" data-orig-file=\"https:\/\/eldiariodesanpedro.com.ar\/sitio\/wp-content\/uploads\/2021\/07\/WhatsApp-Image-2021-07-06-at-14.05.43.jpeg\" data-orig-size=\"853,1280\" data-comments-opened=\"1\" data-image-meta=\"{&quot;aperture&quot;:&quot;0&quot;,&quot;credit&quot;:&quot;&quot;,&quot;camera&quot;:&quot;&quot;,&quot;caption&quot;:&quot;&quot;,&quot;created_timestamp&quot;:&quot;0&quot;,&quot;copyright&quot;:&quot;&quot;,&quot;focal_length&quot;:&quot;0&quot;,&quot;iso&quot;:&quot;0&quot;,&quot;shutter_speed&quot;:&quot;0&quot;,&quot;title&quot;:&quot;&quot;,&quot;orientation&quot;:&quot;0&quot;}\" data-image-title=\"WhatsApp Image 2021-07-06 at 14.05.43\" data-image-description=\"\" data-image-caption=\"\" data-large-file=\"https:\/\/eldiariodesanpedro.com.ar\/sitio\/wp-content\/uploads\/2021\/07\/WhatsApp-Image-2021-07-06-at-14.05.43-682x1024.jpeg\" data-src=\"https:\/\/eldiariodesanpedro.com.ar\/sitio\/wp-content\/uploads\/2021\/07\/WhatsApp-Image-2021-07-06-at-14.05.43-682x1024.jpeg\" alt=\"\" class=\"wp-image-95322 lazyload\" data-srcset=\"https:\/\/eldiariodesanpedro.com.ar\/sitio\/wp-content\/uploads\/2021\/07\/WhatsApp-Image-2021-07-06-at-14.05.43-682x1024.jpeg 682w, https:\/\/eldiariodesanpedro.com.ar\/sitio\/wp-content\/uploads\/2021\/07\/WhatsApp-Image-2021-07-06-at-14.05.43-200x300.jpeg 200w, https:\/\/eldiariodesanpedro.com.ar\/sitio\/wp-content\/uploads\/2021\/07\/WhatsApp-Image-2021-07-06-at-14.05.43-768x1152.jpeg 768w, https:\/\/eldiariodesanpedro.com.ar\/sitio\/wp-content\/uploads\/2021\/07\/WhatsApp-Image-2021-07-06-at-14.05.43.jpeg 853w\" data-sizes=\"(max-width: 682px) 100vw, 682px\" src=\"data:image\/svg+xml;base64,PHN2ZyB3aWR0aD0iMSIgaGVpZ2h0PSIxIiB4bWxucz0iaHR0cDovL3d3dy53My5vcmcvMjAwMC9zdmciPjwvc3ZnPg==\" style=\"--smush-placeholder-width: 682px; --smush-placeholder-aspect-ratio: 682\/1024;\" \/><\/figure>\n","protected":false},"excerpt":{"rendered":"<p>La Secretaria de Turismo Marcela Cu\u00f1er, el Secretario de Servicios P\u00fablicos Ariel \u00c1lvarez y el Director de Servicios P\u00fablicos Gustavo Franco, recorrieron junto a miembros del equipo de sus respectivas \u00e1reas, la zona ribere\u00f1a en los alrededores del predio conocido como \u00abCantando en el R\u00edo\u00bb en donde han comenzado a llevarse adelante tareas de limpieza, [&hellip;]<\/p>\n","protected":false},"author":4,"featured_media":95321,"comment_status":"open","ping_status":"closed","sticky":false,"template":"","format":"standard","meta":{"om_disable_all_campaigns":false,"_jetpack_memberships_contains_paid_content":false,"footnotes":""},"categories":[101,2],"tags":[],"class_list":["post-95319","post","type-post","status-publish","format-standard","has-post-thumbnail","hentry","category-interes-general-locales","category-locales"],"aioseo_notices":[],"gutentor_comment":0,"jetpack_featured_media_url":"https:\/\/eldiariodesanpedro.com.ar\/sitio\/wp-content\/uploads\/2021\/07\/WhatsApp-Image-2021-07-06-at-14.05.41.jpeg","jetpack_shortlink":"https:\/\/wp.me\/p6RhLt-oNp","jetpack_sharing_enabled":true,"_links":{"self":[{"href":"https:\/\/eldiariodesanpedro.com.ar\/sitio\/wp-json\/wp\/v2\/posts\/95319","targetHints":{"allow":["GET"]}}],"collection":[{"href":"https:\/\/eldiariodesanpedro.com.ar\/sitio\/wp-json\/wp\/v2\/posts"}],"about":[{"href":"https:\/\/eldiariodesanpedro.com.ar\/sitio\/wp-json\/wp\/v2\/types\/post"}],"author":[{"embeddable":true,"href":"https:\/\/eldiariodesanpedro.com.ar\/sitio\/wp-json\/wp\/v2\/users\/4"}],"replies":[{"embeddable":true,"href":"https:\/\/eldiariodesanpedro.com.ar\/sitio\/wp-json\/wp\/v2\/comments?post=95319"}],"version-history":[{"count":1,"href":"https:\/\/eldiariodesanpedro.com.ar\/sitio\/wp-json\/wp\/v2\/posts\/95319\/revisions"}],"predecessor-version":[{"id":95323,"href":"https:\/\/eldiariodesanpedro.com.ar\/sitio\/wp-json\/wp\/v2\/posts\/95319\/revisions\/95323"}],"wp:featuredmedia":[{"embeddable":true,"href":"https:\/\/eldiariodesanpedro.com.ar\/sitio\/wp-json\/wp\/v2\/media\/95321"}],"wp:attachment":[{"href":"https:\/\/eldiariodesanpedro.com.ar\/sitio\/wp-json\/wp\/v2\/media?parent=95319"}],"wp:term":[{"taxonomy":"category","embeddable":true,"href":"https:\/\/eldiariodesanpedro.com.ar\/sitio\/wp-json\/wp\/v2\/categories?post=95319"},{"taxonomy":"post_tag","embeddable":true,"href":"https:\/\/eldiariodesanpedro.com.ar\/sitio\/wp-json\/wp\/v2\/tags?post=95319"}],"curies":[{"name":"wp","href":"https:\/\/api.w.org\/{rel}","templated":true}]}}