{"id":95316,"date":"2021-07-06T17:53:50","date_gmt":"2021-07-06T20:53:50","guid":{"rendered":"https:\/\/eldiariodesanpedro.com.ar\/sitio\/?p=95316"},"modified":"2021-07-06T17:53:55","modified_gmt":"2021-07-06T20:53:55","slug":"concentracion-en-el-aca-para-la-movilizacion-de-productores-a-san-nicolas","status":"publish","type":"post","link":"https:\/\/eldiariodesanpedro.com.ar\/sitio\/concentracion-en-el-aca-para-la-movilizacion-de-productores-a-san-nicolas\/","title":{"rendered":"Concentraci\u00f3n en el ACA para la movilizaci\u00f3n de productores a San Nicol\u00e1s"},"content":{"rendered":"<!-- VideographyWP Plugin Message: Automatic video embedding prevented by plugin options. -->\n\n<p>En la jornada de hoy la Sociedad Rural de San Pedro emiti\u00f3 un comunicado donde invita a los productores a realizar una caravana hasta la ciudad de San Nicol\u00e1s donde se realizara una concentraci\u00f3n para protestar por las medidas del actual gobierno nacional.<\/p>\n\n\n\n<p><em>La Sociedad Rural de San Pedro adhiere a la marcha convocada para este 9 de julio por productores agropecuarios de toda la regi\u00f3n en San Nicol\u00e1s.<br>Por tal motivo se invita a los productores de la regi\u00f3n que quieran participar de la caravana que se dirigir\u00e1 hasta el punto de la convocatoria, a reunirse a las 8 de la ma\u00f1ana sobre la colectora de la Ruta 9, KM 153, en el Autom\u00f3vil Club de R\u00edo Tala.<br>Desde las entidades que ya han confirmado su presencia y los sectores auto convocados se presentar\u00e1n diferentes consignas para hacer frente a la complicada situaci\u00f3n que atraviesa el sector.<\/em><\/p>\n","protected":false},"excerpt":{"rendered":"<p>En la jornada de hoy la Sociedad Rural de San Pedro emiti\u00f3 un comunicado donde invita a los productores a realizar una caravana hasta la ciudad de San Nicol\u00e1s donde se realizara una concentraci\u00f3n para protestar por las medidas del actual gobierno nacional. La Sociedad Rural de San Pedro adhiere a la marcha convocada para [&hellip;]<\/p>\n","protected":false},"author":4,"featured_media":95317,"comment_status":"open","ping_status":"closed","sticky":false,"template":"","format":"standard","meta":{"om_disable_all_campaigns":false,"_jetpack_memberships_contains_paid_content":false,"footnotes":""},"categories":[101,2],"tags":[],"class_list":["post-95316","post","type-post","status-publish","format-standard","has-post-thumbnail","hentry","category-interes-general-locales","category-locales"],"aioseo_notices":[],"gutentor_comment":0,"jetpack_featured_media_url":"https:\/\/eldiariodesanpedro.com.ar\/sitio\/wp-content\/uploads\/2021\/07\/rural9j.jpg","jetpack_shortlink":"https:\/\/wp.me\/p6RhLt-oNm","jetpack_sharing_enabled":true,"_links":{"self":[{"href":"https:\/\/eldiariodesanpedro.com.ar\/sitio\/wp-json\/wp\/v2\/posts\/95316","targetHints":{"allow":["GET"]}}],"collection":[{"href":"https:\/\/eldiariodesanpedro.com.ar\/sitio\/wp-json\/wp\/v2\/posts"}],"about":[{"href":"https:\/\/eldiariodesanpedro.com.ar\/sitio\/wp-json\/wp\/v2\/types\/post"}],"author":[{"embeddable":true,"href":"https:\/\/eldiariodesanpedro.com.ar\/sitio\/wp-json\/wp\/v2\/users\/4"}],"replies":[{"embeddable":true,"href":"https:\/\/eldiariodesanpedro.com.ar\/sitio\/wp-json\/wp\/v2\/comments?post=95316"}],"version-history":[{"count":1,"href":"https:\/\/eldiariodesanpedro.com.ar\/sitio\/wp-json\/wp\/v2\/posts\/95316\/revisions"}],"predecessor-version":[{"id":95318,"href":"https:\/\/eldiariodesanpedro.com.ar\/sitio\/wp-json\/wp\/v2\/posts\/95316\/revisions\/95318"}],"wp:featuredmedia":[{"embeddable":true,"href":"https:\/\/eldiariodesanpedro.com.ar\/sitio\/wp-json\/wp\/v2\/media\/95317"}],"wp:attachment":[{"href":"https:\/\/eldiariodesanpedro.com.ar\/sitio\/wp-json\/wp\/v2\/media?parent=95316"}],"wp:term":[{"taxonomy":"category","embeddable":true,"href":"https:\/\/eldiariodesanpedro.com.ar\/sitio\/wp-json\/wp\/v2\/categories?post=95316"},{"taxonomy":"post_tag","embeddable":true,"href":"https:\/\/eldiariodesanpedro.com.ar\/sitio\/wp-json\/wp\/v2\/tags?post=95316"}],"curies":[{"name":"wp","href":"https:\/\/api.w.org\/{rel}","templated":true}]}}