{"id":95313,"date":"2021-07-06T13:30:00","date_gmt":"2021-07-06T16:30:00","guid":{"rendered":"https:\/\/eldiariodesanpedro.com.ar\/sitio\/?p=95313"},"modified":"2021-07-06T13:30:06","modified_gmt":"2021-07-06T16:30:06","slug":"desde-hoy-los-mayores-de-45-y-desde-el-viernes-a-los-mayores-de-40-anos-vacunacion-libre-sin-turno","status":"publish","type":"post","link":"https:\/\/eldiariodesanpedro.com.ar\/sitio\/desde-hoy-los-mayores-de-45-y-desde-el-viernes-a-los-mayores-de-40-anos-vacunacion-libre-sin-turno\/","title":{"rendered":"Desde hoy los mayores de 45 y desde el viernes a los mayores de 40 a\u00f1os  \u00abvacunaci\u00f3n libre\u00bb sin turno"},"content":{"rendered":"<!-- VideographyWP Plugin Message: Automatic video embedding prevented by plugin options. -->\n\n<p>El Gobierno de la Provincia de Buenos Aires ampliar\u00e1 sucesivamente en dos jornadas, la edad m\u00ednima para concurrir a recibir sin turno previo la primera dosis de la vacuna contra el Covid-19. Desde este mi\u00e9rcoles pueden hacerlo los mayores de 45 y desde el viernes se extiende esta posibilidad a los mayores de 40 a\u00f1os.<\/p>\n\n\n\n<p>Adem\u00e1s podr\u00e1n continuar concurriendo sin inscripci\u00f3n previa, trabajadoras y trabajadores de salud, de la educaci\u00f3n, de seguridad, mayores de 18 a\u00f1os con enfermedades preexistentes y personas gestantes<\/p>\n","protected":false},"excerpt":{"rendered":"<p>El Gobierno de la Provincia de Buenos Aires ampliar\u00e1 sucesivamente en dos jornadas, la edad m\u00ednima para concurrir a recibir sin turno previo la primera dosis de la vacuna contra el Covid-19. Desde este mi\u00e9rcoles pueden hacerlo los mayores de 45 y desde el viernes se extiende esta posibilidad a los mayores de 40 a\u00f1os. [&hellip;]<\/p>\n","protected":false},"author":4,"featured_media":95314,"comment_status":"open","ping_status":"closed","sticky":false,"template":"","format":"standard","meta":{"om_disable_all_campaigns":false,"_jetpack_memberships_contains_paid_content":false,"footnotes":""},"categories":[50,101,2],"tags":[],"class_list":["post-95313","post","type-post","status-publish","format-standard","has-post-thumbnail","hentry","category-destacadas","category-interes-general-locales","category-locales"],"aioseo_notices":[],"gutentor_comment":0,"jetpack_featured_media_url":"https:\/\/eldiariodesanpedro.com.ar\/sitio\/wp-content\/uploads\/2021\/07\/vacunate.jpeg","jetpack_shortlink":"https:\/\/wp.me\/p6RhLt-oNj","jetpack_sharing_enabled":true,"_links":{"self":[{"href":"https:\/\/eldiariodesanpedro.com.ar\/sitio\/wp-json\/wp\/v2\/posts\/95313","targetHints":{"allow":["GET"]}}],"collection":[{"href":"https:\/\/eldiariodesanpedro.com.ar\/sitio\/wp-json\/wp\/v2\/posts"}],"about":[{"href":"https:\/\/eldiariodesanpedro.com.ar\/sitio\/wp-json\/wp\/v2\/types\/post"}],"author":[{"embeddable":true,"href":"https:\/\/eldiariodesanpedro.com.ar\/sitio\/wp-json\/wp\/v2\/users\/4"}],"replies":[{"embeddable":true,"href":"https:\/\/eldiariodesanpedro.com.ar\/sitio\/wp-json\/wp\/v2\/comments?post=95313"}],"version-history":[{"count":1,"href":"https:\/\/eldiariodesanpedro.com.ar\/sitio\/wp-json\/wp\/v2\/posts\/95313\/revisions"}],"predecessor-version":[{"id":95315,"href":"https:\/\/eldiariodesanpedro.com.ar\/sitio\/wp-json\/wp\/v2\/posts\/95313\/revisions\/95315"}],"wp:featuredmedia":[{"embeddable":true,"href":"https:\/\/eldiariodesanpedro.com.ar\/sitio\/wp-json\/wp\/v2\/media\/95314"}],"wp:attachment":[{"href":"https:\/\/eldiariodesanpedro.com.ar\/sitio\/wp-json\/wp\/v2\/media?parent=95313"}],"wp:term":[{"taxonomy":"category","embeddable":true,"href":"https:\/\/eldiariodesanpedro.com.ar\/sitio\/wp-json\/wp\/v2\/categories?post=95313"},{"taxonomy":"post_tag","embeddable":true,"href":"https:\/\/eldiariodesanpedro.com.ar\/sitio\/wp-json\/wp\/v2\/tags?post=95313"}],"curies":[{"name":"wp","href":"https:\/\/api.w.org\/{rel}","templated":true}]}}