{"id":95300,"date":"2021-07-06T12:44:05","date_gmt":"2021-07-06T15:44:05","guid":{"rendered":"https:\/\/eldiariodesanpedro.com.ar\/sitio\/?p=95300"},"modified":"2021-07-06T12:44:10","modified_gmt":"2021-07-06T15:44:10","slug":"nuevamente-graves-incendios-en-las-lechiguanas-y-vuelve-el-humo","status":"publish","type":"post","link":"https:\/\/eldiariodesanpedro.com.ar\/sitio\/nuevamente-graves-incendios-en-las-lechiguanas-y-vuelve-el-humo\/","title":{"rendered":"Nuevamente graves incendios en las lechiguanas y vuelve el humo"},"content":{"rendered":"<!-- VideographyWP Plugin Message: Automatic video embedding prevented by plugin options. -->\n\n<p>En nuestro comunicado de prensa del d\u00eda 19\/05\/2021 informamos que se registraron m\u00e1s de 200 focos de incendios en las islas lechiguanas a 43,38 km de la ciudad de Ramallo y 33,3 km de la ciudad de San Pedro abarcando un \u00e1rea preocupante de 78 kil\u00f3metros cuadrados.<\/p>\n\n\n\n<p>Hoy martes se registran incendios aproximadamente en la misma zona donde se hallan ubicados distintos terraplenes sumados a otros focos de incendios enfrente de una zona de tambi\u00e9n de terraplenes en Vuelta de Obligado a 22 km de la ciudad de Ramallo. En la figura ilustrativa mostramos estad\u00edstica de ambos periodos para su comparaci\u00f3n.<\/p>\n\n\n\n<p>Los terraplenes tienen un due\u00f1o, tienen un responsable y deber\u00eda ser de conocimiento publico el catastro de asignaci\u00f3n de las parcelas en las islas. NO puede ser un secreto de estado.<\/p>\n\n\n\n<p>Nuevamente instamos a los organismos nacionales, provinciales y municipales a actuar de forma urgente a efectos de controlar el fuego y verificar su origen aplicando el peso de la ley en aquellas personas que siguen provocando intencionalmente los fuegos.<\/p>\n\n\n\n<p>Recordamos que hay una medida cautelar del Juzgado Federal N\u00b02 de Paran\u00e1 de protecci\u00f3n sobre todo el sector de Islas Lechiguanas.<\/p>\n\n\n\n<p>El fallo judicial ordena \u00abla prohibici\u00f3n absoluta de acciones humanas con capacidad para alterar el medio ambiente, especialmente la quema de recursos naturales, las actividades que impliquen el riesgo de incendio, a\u00fan de car\u00e1cter accidental; construcci\u00f3n, modificaci\u00f3n o mantenimiento de diques y terraplenes de cualquier naturaleza o realizaci\u00f3n de actividades que pongan en riesgo el ecosistema identificado en la demanda, as\u00ed como el uso dentro de todo el territorio de las Islas de las Lechiguanas de agroqu\u00edmicos, plaguicidas y\/o sustancias contaminantes de cualquier naturaleza para la realizaci\u00f3n de tareas agr\u00edcolas\u00bb.<\/p>\n\n\n\n<p>Los datos satelitales son extra\u00eddos de la p\u00e1gina \u201cNasa Fire\u201d de la cual se pueden obtener estad\u00edsticas d\u00eda a d\u00eda de los focos de incendios en el Delta.<\/p>\n\n\n\n<p><a rel=\"noreferrer noopener\" href=\"https:\/\/firms.modaps.eosdis.nasa.gov\/\" target=\"_blank\">https:\/\/firms.modaps.eosdis.nasa.gov\/<\/a><\/p>\n\n\n\n<figure class=\"wp-block-image size-large\"><img decoding=\"async\" width=\"800\" height=\"600\" data-attachment-id=\"95301\" data-permalink=\"https:\/\/eldiariodesanpedro.com.ar\/sitio\/nuevamente-graves-incendios-en-las-lechiguanas-y-vuelve-el-humo\/attachment\/16255843450\/\" data-orig-file=\"https:\/\/eldiariodesanpedro.com.ar\/sitio\/wp-content\/uploads\/2021\/07\/16255843450.jpg\" data-orig-size=\"800,600\" data-comments-opened=\"1\" data-image-meta=\"{&quot;aperture&quot;:&quot;0&quot;,&quot;credit&quot;:&quot;&quot;,&quot;camera&quot;:&quot;&quot;,&quot;caption&quot;:&quot;&quot;,&quot;created_timestamp&quot;:&quot;0&quot;,&quot;copyright&quot;:&quot;&quot;,&quot;focal_length&quot;:&quot;0&quot;,&quot;iso&quot;:&quot;0&quot;,&quot;shutter_speed&quot;:&quot;0&quot;,&quot;title&quot;:&quot;&quot;,&quot;orientation&quot;:&quot;0&quot;}\" data-image-title=\"16255843450\" data-image-description=\"\" data-image-caption=\"\" data-large-file=\"https:\/\/eldiariodesanpedro.com.ar\/sitio\/wp-content\/uploads\/2021\/07\/16255843450.jpg\" data-src=\"https:\/\/eldiariodesanpedro.com.ar\/sitio\/wp-content\/uploads\/2021\/07\/16255843450.jpg\" alt=\"\" class=\"wp-image-95301 lazyload\" data-srcset=\"https:\/\/eldiariodesanpedro.com.ar\/sitio\/wp-content\/uploads\/2021\/07\/16255843450.jpg 800w, https:\/\/eldiariodesanpedro.com.ar\/sitio\/wp-content\/uploads\/2021\/07\/16255843450-300x225.jpg 300w, https:\/\/eldiariodesanpedro.com.ar\/sitio\/wp-content\/uploads\/2021\/07\/16255843450-768x576.jpg 768w, https:\/\/eldiariodesanpedro.com.ar\/sitio\/wp-content\/uploads\/2021\/07\/16255843450-500x375.jpg 500w\" data-sizes=\"(max-width: 800px) 100vw, 800px\" src=\"data:image\/svg+xml;base64,PHN2ZyB3aWR0aD0iMSIgaGVpZ2h0PSIxIiB4bWxucz0iaHR0cDovL3d3dy53My5vcmcvMjAwMC9zdmciPjwvc3ZnPg==\" style=\"--smush-placeholder-width: 800px; --smush-placeholder-aspect-ratio: 800\/600;\" \/><\/figure>\n","protected":false},"excerpt":{"rendered":"<p>En nuestro comunicado de prensa del d\u00eda 19\/05\/2021 informamos que se registraron m\u00e1s de 200 focos de incendios en las islas lechiguanas a 43,38 km de la ciudad de Ramallo y 33,3 km de la ciudad de San Pedro abarcando un \u00e1rea preocupante de 78 kil\u00f3metros cuadrados. Hoy martes se registran incendios aproximadamente en la [&hellip;]<\/p>\n","protected":false},"author":4,"featured_media":95302,"comment_status":"open","ping_status":"closed","sticky":false,"template":"","format":"standard","meta":{"om_disable_all_campaigns":false,"_jetpack_memberships_contains_paid_content":false,"footnotes":""},"categories":[101,2],"tags":[],"class_list":["post-95300","post","type-post","status-publish","format-standard","has-post-thumbnail","hentry","category-interes-general-locales","category-locales"],"aioseo_notices":[],"gutentor_comment":0,"jetpack_featured_media_url":"https:\/\/eldiariodesanpedro.com.ar\/sitio\/wp-content\/uploads\/2021\/07\/16255843451.jpg","jetpack_shortlink":"https:\/\/wp.me\/p6RhLt-oN6","jetpack_sharing_enabled":true,"_links":{"self":[{"href":"https:\/\/eldiariodesanpedro.com.ar\/sitio\/wp-json\/wp\/v2\/posts\/95300","targetHints":{"allow":["GET"]}}],"collection":[{"href":"https:\/\/eldiariodesanpedro.com.ar\/sitio\/wp-json\/wp\/v2\/posts"}],"about":[{"href":"https:\/\/eldiariodesanpedro.com.ar\/sitio\/wp-json\/wp\/v2\/types\/post"}],"author":[{"embeddable":true,"href":"https:\/\/eldiariodesanpedro.com.ar\/sitio\/wp-json\/wp\/v2\/users\/4"}],"replies":[{"embeddable":true,"href":"https:\/\/eldiariodesanpedro.com.ar\/sitio\/wp-json\/wp\/v2\/comments?post=95300"}],"version-history":[{"count":1,"href":"https:\/\/eldiariodesanpedro.com.ar\/sitio\/wp-json\/wp\/v2\/posts\/95300\/revisions"}],"predecessor-version":[{"id":95303,"href":"https:\/\/eldiariodesanpedro.com.ar\/sitio\/wp-json\/wp\/v2\/posts\/95300\/revisions\/95303"}],"wp:featuredmedia":[{"embeddable":true,"href":"https:\/\/eldiariodesanpedro.com.ar\/sitio\/wp-json\/wp\/v2\/media\/95302"}],"wp:attachment":[{"href":"https:\/\/eldiariodesanpedro.com.ar\/sitio\/wp-json\/wp\/v2\/media?parent=95300"}],"wp:term":[{"taxonomy":"category","embeddable":true,"href":"https:\/\/eldiariodesanpedro.com.ar\/sitio\/wp-json\/wp\/v2\/categories?post=95300"},{"taxonomy":"post_tag","embeddable":true,"href":"https:\/\/eldiariodesanpedro.com.ar\/sitio\/wp-json\/wp\/v2\/tags?post=95300"}],"curies":[{"name":"wp","href":"https:\/\/api.w.org\/{rel}","templated":true}]}}