{"id":95294,"date":"2021-07-06T11:55:55","date_gmt":"2021-07-06T14:55:55","guid":{"rendered":"https:\/\/eldiariodesanpedro.com.ar\/sitio\/?p=95294"},"modified":"2021-07-06T11:55:58","modified_gmt":"2021-07-06T14:55:58","slug":"por-cuarta-vez-se-escapo-una-joven-de-15-anos-de-la-comunidad-los-naranjos","status":"publish","type":"post","link":"https:\/\/eldiariodesanpedro.com.ar\/sitio\/por-cuarta-vez-se-escapo-una-joven-de-15-anos-de-la-comunidad-los-naranjos\/","title":{"rendered":"Por cuarta vez se escap\u00f3 una joven de 15 a\u00f1os de la Comunidad Los Naranjos"},"content":{"rendered":"<!-- VideographyWP Plugin Message: Automatic video embedding prevented by plugin options. -->\n\n<p>Siendo las 22 horas el personal policial alertado acude a Av. 11 de Septiembre al 2500, donde intercepta a joven de 15 a\u00f1os de edad oriunda de Mar del Plata, quien nuevamente abandon\u00f3 la Comunidad Terap\u00e9utica Los Naranjos, donde se hallaba en tratamiento.&nbsp;<\/p>\n\n\n\n<p>Tras recaudos legales fue asistida en comisar\u00eda de la mujer local, misma resulta reincidente, habi\u00e9ndose fugado cuatro veces en los \u00faltimos 15 d\u00edas, siendo una de las causantes de actuaciones comentadas oportunamente de averiguaci\u00f3n paradero el pasado 22\/06. Se labraron actuaciones con intervenci\u00f3n de la justicia local&nbsp;<\/p>\n","protected":false},"excerpt":{"rendered":"<p>Siendo las 22 horas el personal policial alertado acude a Av. 11 de Septiembre al 2500, donde intercepta a joven de 15 a\u00f1os de edad oriunda de Mar del Plata, quien nuevamente abandon\u00f3 la Comunidad Terap\u00e9utica Los Naranjos, donde se hallaba en tratamiento.&nbsp; Tras recaudos legales fue asistida en comisar\u00eda de la mujer local, misma [&hellip;]<\/p>\n","protected":false},"author":4,"featured_media":95096,"comment_status":"open","ping_status":"closed","sticky":false,"template":"","format":"standard","meta":{"om_disable_all_campaigns":false,"_jetpack_memberships_contains_paid_content":false,"footnotes":""},"categories":[2,103],"tags":[],"class_list":["post-95294","post","type-post","status-publish","format-standard","has-post-thumbnail","hentry","category-locales","category-policiales-locales"],"aioseo_notices":[],"gutentor_comment":0,"jetpack_featured_media_url":"https:\/\/eldiariodesanpedro.com.ar\/sitio\/wp-content\/uploads\/2021\/07\/P1220200.jpg","jetpack_shortlink":"https:\/\/wp.me\/p6RhLt-oN0","jetpack_sharing_enabled":true,"_links":{"self":[{"href":"https:\/\/eldiariodesanpedro.com.ar\/sitio\/wp-json\/wp\/v2\/posts\/95294","targetHints":{"allow":["GET"]}}],"collection":[{"href":"https:\/\/eldiariodesanpedro.com.ar\/sitio\/wp-json\/wp\/v2\/posts"}],"about":[{"href":"https:\/\/eldiariodesanpedro.com.ar\/sitio\/wp-json\/wp\/v2\/types\/post"}],"author":[{"embeddable":true,"href":"https:\/\/eldiariodesanpedro.com.ar\/sitio\/wp-json\/wp\/v2\/users\/4"}],"replies":[{"embeddable":true,"href":"https:\/\/eldiariodesanpedro.com.ar\/sitio\/wp-json\/wp\/v2\/comments?post=95294"}],"version-history":[{"count":1,"href":"https:\/\/eldiariodesanpedro.com.ar\/sitio\/wp-json\/wp\/v2\/posts\/95294\/revisions"}],"predecessor-version":[{"id":95295,"href":"https:\/\/eldiariodesanpedro.com.ar\/sitio\/wp-json\/wp\/v2\/posts\/95294\/revisions\/95295"}],"wp:featuredmedia":[{"embeddable":true,"href":"https:\/\/eldiariodesanpedro.com.ar\/sitio\/wp-json\/wp\/v2\/media\/95096"}],"wp:attachment":[{"href":"https:\/\/eldiariodesanpedro.com.ar\/sitio\/wp-json\/wp\/v2\/media?parent=95294"}],"wp:term":[{"taxonomy":"category","embeddable":true,"href":"https:\/\/eldiariodesanpedro.com.ar\/sitio\/wp-json\/wp\/v2\/categories?post=95294"},{"taxonomy":"post_tag","embeddable":true,"href":"https:\/\/eldiariodesanpedro.com.ar\/sitio\/wp-json\/wp\/v2\/tags?post=95294"}],"curies":[{"name":"wp","href":"https:\/\/api.w.org\/{rel}","templated":true}]}}