{"id":95291,"date":"2021-07-06T11:52:05","date_gmt":"2021-07-06T14:52:05","guid":{"rendered":"https:\/\/eldiariodesanpedro.com.ar\/sitio\/?p=95291"},"modified":"2021-07-06T11:52:10","modified_gmt":"2021-07-06T14:52:10","slug":"allanamiento-y-secuestro-de-un-celular-por-un-caso-de-estafa","status":"publish","type":"post","link":"https:\/\/eldiariodesanpedro.com.ar\/sitio\/allanamiento-y-secuestro-de-un-celular-por-un-caso-de-estafa\/","title":{"rendered":"Allanamiento y secuestro de un celular por un caso de estafa"},"content":{"rendered":"<!-- VideographyWP Plugin Message: Automatic video embedding prevented by plugin options. -->\n\n<p>En horas de la tarde de ayer el personal del G.T.O con respecto a una denuncia radicada el pasado domingo por una estafa de las que resulta denunciante una ciudadana de 42 a\u00f1os de edad, tras tareas investigativas y declaraciones se logr\u00f3 establecer la autor\u00eda del hecho.<\/p>\n\n\n\n<p>Se realiz\u00f3 un allanamiento dispuesto por magistrado en calle Rafael Obligado al 1500 donde reside una mujer de 22 a\u00f1os edad donde se procedi\u00f3 al secuestro de dos tel\u00e9fonos celulares que eran buscados como materia de investigaci\u00f3n, finalizada la diligencia se procede aprehensi\u00f3n de hermana de imputada, otra mujer de 30 a\u00f1os edad, quien ante la presencia policial amenaza al testigo del allanamiento.&nbsp;<\/p>\n\n\n\n<p>En el hecho inicial la v\u00edctima, hab\u00eda dado cuenta que recib\u00eda mensajes de la empresa Mercado Libre , sobre s\u00ed autorizaba&nbsp; a la imputada a realizar una compra, ya que al parecer obteni\u00e9ndose los datos de su tarjeta intentaba realizar compras, las cuales no concreto, pero s\u00ed constato faltante de dinero de su cuenta bancaria.&nbsp;<\/p>\n","protected":false},"excerpt":{"rendered":"<p>En horas de la tarde de ayer el personal del G.T.O con respecto a una denuncia radicada el pasado domingo por una estafa de las que resulta denunciante una ciudadana de 42 a\u00f1os de edad, tras tareas investigativas y declaraciones se logr\u00f3 establecer la autor\u00eda del hecho. Se realiz\u00f3 un allanamiento dispuesto por magistrado en [&hellip;]<\/p>\n","protected":false},"author":4,"featured_media":95292,"comment_status":"open","ping_status":"closed","sticky":false,"template":"","format":"standard","meta":{"om_disable_all_campaigns":false,"_jetpack_memberships_contains_paid_content":false,"footnotes":""},"categories":[50,2,103],"tags":[],"class_list":["post-95291","post","type-post","status-publish","format-standard","has-post-thumbnail","hentry","category-destacadas","category-locales","category-policiales-locales"],"aioseo_notices":[],"gutentor_comment":0,"jetpack_featured_media_url":"https:\/\/eldiariodesanpedro.com.ar\/sitio\/wp-content\/uploads\/2021\/07\/WhatsApp-Image-2021-07-06-at-10.23.31.jpeg","jetpack_shortlink":"https:\/\/wp.me\/p6RhLt-oMX","jetpack_sharing_enabled":true,"_links":{"self":[{"href":"https:\/\/eldiariodesanpedro.com.ar\/sitio\/wp-json\/wp\/v2\/posts\/95291","targetHints":{"allow":["GET"]}}],"collection":[{"href":"https:\/\/eldiariodesanpedro.com.ar\/sitio\/wp-json\/wp\/v2\/posts"}],"about":[{"href":"https:\/\/eldiariodesanpedro.com.ar\/sitio\/wp-json\/wp\/v2\/types\/post"}],"author":[{"embeddable":true,"href":"https:\/\/eldiariodesanpedro.com.ar\/sitio\/wp-json\/wp\/v2\/users\/4"}],"replies":[{"embeddable":true,"href":"https:\/\/eldiariodesanpedro.com.ar\/sitio\/wp-json\/wp\/v2\/comments?post=95291"}],"version-history":[{"count":1,"href":"https:\/\/eldiariodesanpedro.com.ar\/sitio\/wp-json\/wp\/v2\/posts\/95291\/revisions"}],"predecessor-version":[{"id":95293,"href":"https:\/\/eldiariodesanpedro.com.ar\/sitio\/wp-json\/wp\/v2\/posts\/95291\/revisions\/95293"}],"wp:featuredmedia":[{"embeddable":true,"href":"https:\/\/eldiariodesanpedro.com.ar\/sitio\/wp-json\/wp\/v2\/media\/95292"}],"wp:attachment":[{"href":"https:\/\/eldiariodesanpedro.com.ar\/sitio\/wp-json\/wp\/v2\/media?parent=95291"}],"wp:term":[{"taxonomy":"category","embeddable":true,"href":"https:\/\/eldiariodesanpedro.com.ar\/sitio\/wp-json\/wp\/v2\/categories?post=95291"},{"taxonomy":"post_tag","embeddable":true,"href":"https:\/\/eldiariodesanpedro.com.ar\/sitio\/wp-json\/wp\/v2\/tags?post=95291"}],"curies":[{"name":"wp","href":"https:\/\/api.w.org\/{rel}","templated":true}]}}