{"id":95288,"date":"2021-07-06T11:50:35","date_gmt":"2021-07-06T14:50:35","guid":{"rendered":"https:\/\/eldiariodesanpedro.com.ar\/sitio\/?p=95288"},"modified":"2021-07-06T11:50:39","modified_gmt":"2021-07-06T14:50:39","slug":"la-expareja-le-robo-la-bicicleta-y-fue-recuperada","status":"publish","type":"post","link":"https:\/\/eldiariodesanpedro.com.ar\/sitio\/la-expareja-le-robo-la-bicicleta-y-fue-recuperada\/","title":{"rendered":"La expareja le robo la bicicleta y fue recuperada"},"content":{"rendered":"<!-- VideographyWP Plugin Message: Automatic video embedding prevented by plugin options. -->\n\n<p>En la jornada de ayer lunes siendo las 17:35 horas el personal policial de la comisar\u00eda local&nbsp; alertado a trav\u00e9s de un llamado al 911&nbsp; acude calle Fray Cayetano Rodr\u00edguez al 1800, donde procede al secuestro de una bicicleta tipo playera la cual fuera sustra\u00edda momentos previos en calle San Mart\u00edn al 300, propiedad de masculino 44 a\u00f1os de edad.&nbsp;<\/p>\n\n\n\n<p>La bicicleta estaba en poder de una mujer de 48 a\u00f1os quien resulta ser la expareja de la v\u00edctima.&nbsp;<\/p>\n\n\n\n<p>Se inician actuaciones por averiguaci\u00f3n de Il\u00edcito, con intervenci\u00f3n de la fiscal\u00eda local.<\/p>\n","protected":false},"excerpt":{"rendered":"<p>En la jornada de ayer lunes siendo las 17:35 horas el personal policial de la comisar\u00eda local&nbsp; alertado a trav\u00e9s de un llamado al 911&nbsp; acude calle Fray Cayetano Rodr\u00edguez al 1800, donde procede al secuestro de una bicicleta tipo playera la cual fuera sustra\u00edda momentos previos en calle San Mart\u00edn al 300, propiedad de [&hellip;]<\/p>\n","protected":false},"author":4,"featured_media":95289,"comment_status":"open","ping_status":"closed","sticky":false,"template":"","format":"standard","meta":{"om_disable_all_campaigns":false,"_jetpack_memberships_contains_paid_content":false,"footnotes":""},"categories":[2,103],"tags":[],"class_list":["post-95288","post","type-post","status-publish","format-standard","has-post-thumbnail","hentry","category-locales","category-policiales-locales"],"aioseo_notices":[],"gutentor_comment":0,"jetpack_featured_media_url":"https:\/\/eldiariodesanpedro.com.ar\/sitio\/wp-content\/uploads\/2021\/07\/WhatsApp-Image-2021-07-06-at-10.23.40.jpeg","jetpack_shortlink":"https:\/\/wp.me\/p6RhLt-oMU","jetpack_sharing_enabled":true,"_links":{"self":[{"href":"https:\/\/eldiariodesanpedro.com.ar\/sitio\/wp-json\/wp\/v2\/posts\/95288","targetHints":{"allow":["GET"]}}],"collection":[{"href":"https:\/\/eldiariodesanpedro.com.ar\/sitio\/wp-json\/wp\/v2\/posts"}],"about":[{"href":"https:\/\/eldiariodesanpedro.com.ar\/sitio\/wp-json\/wp\/v2\/types\/post"}],"author":[{"embeddable":true,"href":"https:\/\/eldiariodesanpedro.com.ar\/sitio\/wp-json\/wp\/v2\/users\/4"}],"replies":[{"embeddable":true,"href":"https:\/\/eldiariodesanpedro.com.ar\/sitio\/wp-json\/wp\/v2\/comments?post=95288"}],"version-history":[{"count":1,"href":"https:\/\/eldiariodesanpedro.com.ar\/sitio\/wp-json\/wp\/v2\/posts\/95288\/revisions"}],"predecessor-version":[{"id":95290,"href":"https:\/\/eldiariodesanpedro.com.ar\/sitio\/wp-json\/wp\/v2\/posts\/95288\/revisions\/95290"}],"wp:featuredmedia":[{"embeddable":true,"href":"https:\/\/eldiariodesanpedro.com.ar\/sitio\/wp-json\/wp\/v2\/media\/95289"}],"wp:attachment":[{"href":"https:\/\/eldiariodesanpedro.com.ar\/sitio\/wp-json\/wp\/v2\/media?parent=95288"}],"wp:term":[{"taxonomy":"category","embeddable":true,"href":"https:\/\/eldiariodesanpedro.com.ar\/sitio\/wp-json\/wp\/v2\/categories?post=95288"},{"taxonomy":"post_tag","embeddable":true,"href":"https:\/\/eldiariodesanpedro.com.ar\/sitio\/wp-json\/wp\/v2\/tags?post=95288"}],"curies":[{"name":"wp","href":"https:\/\/api.w.org\/{rel}","templated":true}]}}