{"id":9527,"date":"2016-11-01T18:41:45","date_gmt":"2016-11-01T21:41:45","guid":{"rendered":"https:\/\/eldiariodesanpedro.com.ar\/sitio\/?p=9527"},"modified":"2016-11-01T20:16:15","modified_gmt":"2016-11-01T23:16:15","slug":"homicidio-de-angela-barrios-pediran-la-prision-preventiva-para-el-unico-detenido","status":"publish","type":"post","link":"https:\/\/eldiariodesanpedro.com.ar\/sitio\/homicidio-de-angela-barrios-pediran-la-prision-preventiva-para-el-unico-detenido\/","title":{"rendered":"Homicidio de \u00c1ngela Barrios: Pedir\u00e1n la prisi\u00f3n preventiva para el \u00fanico detenido"},"content":{"rendered":"<p><!-- VideographyWP Plugin Message: Automatic video embedding prevented by plugin options. --><br \/>\nLa fiscal\u00eda solicitar\u00eda en las pr\u00f3ximas horas la prisi\u00f3n preventiva para el \u00fanico detenido por el femicidio de \u00c1ngela Leonela Barrios. Los mensajes de texto de tel\u00e9fonos periciados, con el secuestro de un cuchillo con el ADN de la v\u00edctima, ser\u00edan concluyentes.<\/p>\n<p>Es inminente que la Dra. Bicetti solicite la prisi\u00f3n preventiva a Fabi\u00e1n Andino, de 47 a\u00f1os de edad, vecino de la joven asesinada. Andino hab\u00eda sido detenido cuando en una ampliaci\u00f3n de su declaraci\u00f3n testimonial hab\u00eda incurrido en contradicciones. La fiscal dispuso la medida de inmediato cuando hab\u00edan pasado solo unas horas del hallazgo del cuerpo en un descampado a cuadras del barrio donde viven ambos.<\/p>\n<p>En aquella oportunidad la Dra. Bicetti hab\u00eda confirmado la aprehensi\u00f3n por falso testimonio, y mantuvo en reserva otras l\u00edneas de investigaci\u00f3n para tratar de desentra\u00f1ar los actores y m\u00f3viles del asesinato.<\/p>\n<p>Las pericias cient\u00edficas le brindaron los elementos que faltaban para sostener su hip\u00f3tesis. Hubo un intercambio de mensajes de texto entre la v\u00edctima y el sospechoso que lo sit\u00faan en d\u00eda y hora en el lugar donde se produjo la muerte.<\/p>\n<p>En la casa de Andino se secuestr\u00f3 un cuchillo con manchas hem\u00e1ticas, y de otros elementos que fueron remitidos a laboratorio se encontraron coincidencias con el ADN de \u00c1ngela Leonela. La fiscal entiende que estos son elementos suficientes para imputarle el homicidio y sus agravantes.<\/p>\n<p>Probablemente tenga alg\u00fan indicio del m\u00f3vil del brutal ataque, perpetrado con sa\u00f1a y premeditaci\u00f3n. Tambi\u00e9n si hubo otros part\u00edcipes. Y si se conform\u00f3 una cadena de encubrimientos.<\/p>\n<p>Fuentes cercanas a la investigaci\u00f3n indicaron que las pericias m\u00e9dicas sobre los perfiles psiqui\u00e1tricos de los sospechosos podr\u00e1n arrojar resultados de inter\u00e9s para la causa. Coincidieron en afirmar que las caracter\u00edsticas del hecho, las circunstancias sociales de los involucrados y la repercusi\u00f3n del femicidio obligaron a ser m\u00e1s exhaustivos en los elementos de prueba y reservados en los avances alcanzados.<\/p>\n<p>\u00c1ngela Leonela falleci\u00f3 probablemente el mismo d\u00eda en que desapareci\u00f3. Su deceso se produjo por una hemorragia masiva en el t\u00f3rax, producto de varias pu\u00f1aladas, que le provocaron un paro cardiorespiratorio. Fue hallada con la misma ropa que ten\u00eda al salir de su casa cinco d\u00edas despu\u00e9s que se denunciara su desaparici\u00f3n, el 25 de septiembre. No hab\u00eda signos de violencia sexual y el cuerpo se encontraba desmembrado por la acci\u00f3n de alima\u00f1as.<\/p>\n<p>El pedido al Juzgado de Garant\u00edas para convertir la aprehensi\u00f3n de Andino resultar\u00eda una impactante novedad, pero no cerrar\u00eda la investigaci\u00f3n que sigue su marcha.<\/p>\n","protected":false},"excerpt":{"rendered":"<p>La fiscal\u00eda solicitar\u00eda en las pr\u00f3ximas horas la prisi\u00f3n preventiva para el \u00fanico detenido por el femicidio de \u00c1ngela Leonela Barrios. Los mensajes de texto de tel\u00e9fonos periciados, con el secuestro de un cuchillo con el ADN de la v\u00edctima, ser\u00edan concluyentes. Es inminente que la Dra. Bicetti solicite la prisi\u00f3n preventiva a Fabi\u00e1n Andino, [&hellip;]<\/p>\n","protected":false},"author":4,"featured_media":9528,"comment_status":"open","ping_status":"closed","sticky":false,"template":"","format":"standard","meta":{"om_disable_all_campaigns":false,"_jetpack_memberships_contains_paid_content":false,"footnotes":""},"categories":[621],"tags":[659,182,660,658,86,19],"class_list":["post-9527","post","type-post","status-publish","format-standard","has-post-thumbnail","hentry","category-regionales","tag-angela-barrios","tag-asesino","tag-femicidio","tag-homicidio","tag-prision","tag-san-pedro"],"aioseo_notices":[],"gutentor_comment":0,"jetpack_featured_media_url":"https:\/\/eldiariodesanpedro.com.ar\/sitio\/wp-content\/uploads\/2016\/11\/PAGINA-6.jpg","jetpack_shortlink":"https:\/\/wp.me\/p6RhLt-2tF","jetpack_sharing_enabled":true,"_links":{"self":[{"href":"https:\/\/eldiariodesanpedro.com.ar\/sitio\/wp-json\/wp\/v2\/posts\/9527","targetHints":{"allow":["GET"]}}],"collection":[{"href":"https:\/\/eldiariodesanpedro.com.ar\/sitio\/wp-json\/wp\/v2\/posts"}],"about":[{"href":"https:\/\/eldiariodesanpedro.com.ar\/sitio\/wp-json\/wp\/v2\/types\/post"}],"author":[{"embeddable":true,"href":"https:\/\/eldiariodesanpedro.com.ar\/sitio\/wp-json\/wp\/v2\/users\/4"}],"replies":[{"embeddable":true,"href":"https:\/\/eldiariodesanpedro.com.ar\/sitio\/wp-json\/wp\/v2\/comments?post=9527"}],"version-history":[{"count":1,"href":"https:\/\/eldiariodesanpedro.com.ar\/sitio\/wp-json\/wp\/v2\/posts\/9527\/revisions"}],"predecessor-version":[{"id":9529,"href":"https:\/\/eldiariodesanpedro.com.ar\/sitio\/wp-json\/wp\/v2\/posts\/9527\/revisions\/9529"}],"wp:featuredmedia":[{"embeddable":true,"href":"https:\/\/eldiariodesanpedro.com.ar\/sitio\/wp-json\/wp\/v2\/media\/9528"}],"wp:attachment":[{"href":"https:\/\/eldiariodesanpedro.com.ar\/sitio\/wp-json\/wp\/v2\/media?parent=9527"}],"wp:term":[{"taxonomy":"category","embeddable":true,"href":"https:\/\/eldiariodesanpedro.com.ar\/sitio\/wp-json\/wp\/v2\/categories?post=9527"},{"taxonomy":"post_tag","embeddable":true,"href":"https:\/\/eldiariodesanpedro.com.ar\/sitio\/wp-json\/wp\/v2\/tags?post=9527"}],"curies":[{"name":"wp","href":"https:\/\/api.w.org\/{rel}","templated":true}]}}