{"id":9525,"date":"2016-11-01T18:39:44","date_gmt":"2016-11-01T21:39:44","guid":{"rendered":"https:\/\/eldiariodesanpedro.com.ar\/sitio\/?p=9525"},"modified":"2016-11-01T18:39:44","modified_gmt":"2016-11-01T21:39:44","slug":"el-museo-paleontologico-en-el-programa-clave-argentina","status":"publish","type":"post","link":"https:\/\/eldiariodesanpedro.com.ar\/sitio\/el-museo-paleontologico-en-el-programa-clave-argentina\/","title":{"rendered":"El Museo Paleontol\u00f3gico en el programa Clave Argentina"},"content":{"rendered":"<p><!-- VideographyWP Plugin Message: Automatic video embedding prevented by plugin options. --><br \/>\nUn equipo de la Productora Untref Media viaj\u00f3 hasta nuestra ciudad para grabar una edici\u00f3n del programa Clave Argentina, que se emite por Canal 9, los s\u00e1bados a las 12.45, bajo la conducci\u00f3n de la modelo Magui Bravi.<br \/>\nEl equipo t\u00e9cnico dedic\u00f3 dos d\u00edas a nuestra ciudad filmando diferentes puntos de inter\u00e9s tur\u00edstico, siendo acompa\u00f1ado por personal de la Direcci\u00f3n de Turismo.<br \/>\nVisitaron el establecimiento \u00abLa Campi\u00f1a\u00bb, realizaron un paseo en lancha realizando tomas de nuestra ribera, grabaron la elaboraci\u00f3n de la ensaimada, se interiorizaron de la gastronom\u00eda de r\u00edo y fueron acompa\u00f1ados por el Grupo Conservacionista de F\u00f3siles a la Reserva Paleontol\u00f3gica \u00abCampo Sp\u00f3sito\u00bb.<br \/>\nUna vez en el yacimiento, integrantes del GCF recorrieron el lugar junto a la conductora, interpretando la mec\u00e1nica del sitio y charlando sobre la importancia cient\u00edfica del lugar, adem\u00e1s de hacer un repaso por las decenas de especies f\u00f3siles halladas en esos sedimentos desde que fueron descubiertos en noviembre de 2001.<br \/>\nLa posibilidad de recorrer y filmar un yacimiento paleontol\u00f3gico de esas caracter\u00edsticas en la provincia es pr\u00e1cticamente \u00fanica, siendo un valor agregado muy importante a la hora de difundir temas de inter\u00e9s tur\u00edstico-cultural que puede ofrecer nuestra ciudad.<\/p>\n","protected":false},"excerpt":{"rendered":"<p>Un equipo de la Productora Untref Media viaj\u00f3 hasta nuestra ciudad para grabar una edici\u00f3n del programa Clave Argentina, que se emite por Canal 9, los s\u00e1bados a las 12.45, bajo la conducci\u00f3n de la modelo Magui Bravi. El equipo t\u00e9cnico dedic\u00f3 dos d\u00edas a nuestra ciudad filmando diferentes puntos de inter\u00e9s tur\u00edstico, siendo acompa\u00f1ado [&hellip;]<\/p>\n","protected":false},"author":4,"featured_media":4459,"comment_status":"open","ping_status":"closed","sticky":false,"template":"","format":"standard","meta":{"om_disable_all_campaigns":false,"_jetpack_memberships_contains_paid_content":false,"footnotes":""},"categories":[101,2],"tags":[657,656,654,655],"class_list":["post-9525","post","type-post","status-publish","format-standard","has-post-thumbnail","hentry","category-interes-general-locales","category-locales","tag-argentina","tag-clave","tag-muso","tag-paleontologico"],"aioseo_notices":[],"gutentor_comment":0,"jetpack_featured_media_url":"https:\/\/eldiariodesanpedro.com.ar\/sitio\/wp-content\/uploads\/2016\/05\/Frente-Paleontol\u00f3gico-2009.jpg","jetpack_shortlink":"https:\/\/wp.me\/p6RhLt-2tD","jetpack_sharing_enabled":true,"_links":{"self":[{"href":"https:\/\/eldiariodesanpedro.com.ar\/sitio\/wp-json\/wp\/v2\/posts\/9525","targetHints":{"allow":["GET"]}}],"collection":[{"href":"https:\/\/eldiariodesanpedro.com.ar\/sitio\/wp-json\/wp\/v2\/posts"}],"about":[{"href":"https:\/\/eldiariodesanpedro.com.ar\/sitio\/wp-json\/wp\/v2\/types\/post"}],"author":[{"embeddable":true,"href":"https:\/\/eldiariodesanpedro.com.ar\/sitio\/wp-json\/wp\/v2\/users\/4"}],"replies":[{"embeddable":true,"href":"https:\/\/eldiariodesanpedro.com.ar\/sitio\/wp-json\/wp\/v2\/comments?post=9525"}],"version-history":[{"count":1,"href":"https:\/\/eldiariodesanpedro.com.ar\/sitio\/wp-json\/wp\/v2\/posts\/9525\/revisions"}],"predecessor-version":[{"id":9526,"href":"https:\/\/eldiariodesanpedro.com.ar\/sitio\/wp-json\/wp\/v2\/posts\/9525\/revisions\/9526"}],"wp:featuredmedia":[{"embeddable":true,"href":"https:\/\/eldiariodesanpedro.com.ar\/sitio\/wp-json\/wp\/v2\/media\/4459"}],"wp:attachment":[{"href":"https:\/\/eldiariodesanpedro.com.ar\/sitio\/wp-json\/wp\/v2\/media?parent=9525"}],"wp:term":[{"taxonomy":"category","embeddable":true,"href":"https:\/\/eldiariodesanpedro.com.ar\/sitio\/wp-json\/wp\/v2\/categories?post=9525"},{"taxonomy":"post_tag","embeddable":true,"href":"https:\/\/eldiariodesanpedro.com.ar\/sitio\/wp-json\/wp\/v2\/tags?post=9525"}],"curies":[{"name":"wp","href":"https:\/\/api.w.org\/{rel}","templated":true}]}}