{"id":95244,"date":"2021-07-06T09:43:58","date_gmt":"2021-07-06T12:43:58","guid":{"rendered":"https:\/\/eldiariodesanpedro.com.ar\/sitio\/?p=95244"},"modified":"2021-07-06T09:44:03","modified_gmt":"2021-07-06T12:44:03","slug":"cronograma-de-anses-para-este-martes-se-paga-la-primer-cuota-del-bono-al-personal-de-salud","status":"publish","type":"post","link":"https:\/\/eldiariodesanpedro.com.ar\/sitio\/cronograma-de-anses-para-este-martes-se-paga-la-primer-cuota-del-bono-al-personal-de-salud\/","title":{"rendered":"Cronograma de Anses para este martes, se paga la primer cuota del bono al personal de salud"},"content":{"rendered":"<!-- VideographyWP Plugin Message: Automatic video embedding prevented by plugin options. -->\n\n<p><strong>El organismo, a cargo de la Lic. Fernanda Raverta, informa que hoy se abonan Pensiones No Contributivas (PNC) y Bono Salud.<\/strong><\/p>\n\n\n\n<p><strong>Pensiones No Contributivas<\/strong><br>Las sucursales bancarias habilitadas atender\u00e1n por ventanilla solo a titulares de PNC que deban cobrar su haber de julio con documentos terminados en\u00a0<strong>6\u00a0<\/strong>y\u00a0<strong>7<\/strong>.<br>En este sentido, si bien estas personas no tienen que solicitar turno previo para cobrar este beneficio,\u00a0deben acercarse a la sucursal bancaria \u00fanicamente en la fecha asignada. Cabe recordar que los haberes permanecer\u00e1n depositados en sus cuentas.<\/p>\n\n\n\n<p><strong>Bono Salud<\/strong><br>Hoy se paga la primera cuota de 6500 pesos de la ampliaci\u00f3n del bono que estableci\u00f3 el Ministerio de Salud para 725 mil\u00a0trabajadores y trabajadoras del sistema de salud p\u00fablico, privado y de la seguridad social. La inversi\u00f3n destinada ser\u00e1 de 4633 millones de pesos.<\/p>\n","protected":false},"excerpt":{"rendered":"<p>El organismo, a cargo de la Lic. Fernanda Raverta, informa que hoy se abonan Pensiones No Contributivas (PNC) y Bono Salud. Pensiones No ContributivasLas sucursales bancarias habilitadas atender\u00e1n por ventanilla solo a titulares de PNC que deban cobrar su haber de julio con documentos terminados en\u00a06\u00a0y\u00a07.En este sentido, si bien estas personas no tienen que [&hellip;]<\/p>\n","protected":false},"author":4,"featured_media":74790,"comment_status":"open","ping_status":"closed","sticky":false,"template":"","format":"standard","meta":{"om_disable_all_campaigns":false,"_jetpack_memberships_contains_paid_content":false,"footnotes":""},"categories":[101,2],"tags":[],"class_list":["post-95244","post","type-post","status-publish","format-standard","has-post-thumbnail","hentry","category-interes-general-locales","category-locales"],"aioseo_notices":[],"gutentor_comment":0,"jetpack_featured_media_url":"https:\/\/eldiariodesanpedro.com.ar\/sitio\/wp-content\/uploads\/2020\/06\/anses-4.jpg","jetpack_shortlink":"https:\/\/wp.me\/p6RhLt-oMc","jetpack_sharing_enabled":true,"_links":{"self":[{"href":"https:\/\/eldiariodesanpedro.com.ar\/sitio\/wp-json\/wp\/v2\/posts\/95244","targetHints":{"allow":["GET"]}}],"collection":[{"href":"https:\/\/eldiariodesanpedro.com.ar\/sitio\/wp-json\/wp\/v2\/posts"}],"about":[{"href":"https:\/\/eldiariodesanpedro.com.ar\/sitio\/wp-json\/wp\/v2\/types\/post"}],"author":[{"embeddable":true,"href":"https:\/\/eldiariodesanpedro.com.ar\/sitio\/wp-json\/wp\/v2\/users\/4"}],"replies":[{"embeddable":true,"href":"https:\/\/eldiariodesanpedro.com.ar\/sitio\/wp-json\/wp\/v2\/comments?post=95244"}],"version-history":[{"count":1,"href":"https:\/\/eldiariodesanpedro.com.ar\/sitio\/wp-json\/wp\/v2\/posts\/95244\/revisions"}],"predecessor-version":[{"id":95245,"href":"https:\/\/eldiariodesanpedro.com.ar\/sitio\/wp-json\/wp\/v2\/posts\/95244\/revisions\/95245"}],"wp:featuredmedia":[{"embeddable":true,"href":"https:\/\/eldiariodesanpedro.com.ar\/sitio\/wp-json\/wp\/v2\/media\/74790"}],"wp:attachment":[{"href":"https:\/\/eldiariodesanpedro.com.ar\/sitio\/wp-json\/wp\/v2\/media?parent=95244"}],"wp:term":[{"taxonomy":"category","embeddable":true,"href":"https:\/\/eldiariodesanpedro.com.ar\/sitio\/wp-json\/wp\/v2\/categories?post=95244"},{"taxonomy":"post_tag","embeddable":true,"href":"https:\/\/eldiariodesanpedro.com.ar\/sitio\/wp-json\/wp\/v2\/tags?post=95244"}],"curies":[{"name":"wp","href":"https:\/\/api.w.org\/{rel}","templated":true}]}}