{"id":95242,"date":"2021-07-06T09:45:41","date_gmt":"2021-07-06T12:45:41","guid":{"rendered":"https:\/\/eldiariodesanpedro.com.ar\/sitio\/?p=95242"},"modified":"2021-07-06T09:45:47","modified_gmt":"2021-07-06T12:45:47","slug":"salazar-y-almada-presentaron-al-ministro-de-transporte-el-proyecto-para-la-reconstruccion-del-muelle-cabecera-del-puerto","status":"publish","type":"post","link":"https:\/\/eldiariodesanpedro.com.ar\/sitio\/salazar-y-almada-presentaron-al-ministro-de-transporte-el-proyecto-para-la-reconstruccion-del-muelle-cabecera-del-puerto\/","title":{"rendered":"Salazar y Almada presentaron al Ministro de Transporte el proyecto para la reconstrucci\u00f3n del muelle cabecera del Puerto"},"content":{"rendered":"<!-- VideographyWP Plugin Message: Automatic video embedding prevented by plugin options. -->\n\n<p>El Intendente Cecilio Salazar y el Presidente del Consorcio de Gesti\u00f3n del Puerto de San Pedro Eliseo Almada mantuvieron hoy una importante y positiva reuni\u00f3n con el nuevo Ministro de Transporte de la Naci\u00f3n, Alexis Guerrera.<\/p>\n\n\n\n<p>Ante el nuevo titular de este ministerio que conduc\u00eda el recientemente fallecido Mario Meoni, el jefe comunal sampedrino y el Presidente del Consorcio, presentaron el proyecto de ingenier\u00eda definitivo para la obra anunciada en noviembre del 2020 y que apunta reconstruir el muelle cabecera del espig\u00f3n N\u00b01 del Puerto de San Pedro.<\/p>\n\n\n\n<p>Desde aquella visita del Ministro Meoni y autoridades portuarias nacionales y provinciales, a la fecha, se trabaj\u00f3 con la elaboraci\u00f3n de las carpetas t\u00e9cnicas que fueron presentadas ante el Ministro Guerrera con el an\u00e1lisis del tipo de obra que ser\u00e1 necesario realizar y una estimaci\u00f3n de los costos y plazos de las mismas.<\/p>\n\n\n\n<p>Dentro de un plan integral de fortalecimiento de todos los puertos que es impulsado desde el gobierno nacional, la concreci\u00f3n de una obra de esta envergadura generar\u00eda condiciones excepcionales para el Puerto de San Pedro que desde su inauguraci\u00f3n hace m\u00e1s de 80 a\u00f1os, no ha contado con inversiones de tales caracter\u00edsticas.<\/p>\n\n\n\n<p>Tanto el Intendente como el Presidente del Consorcio quedaron muy satisfechos con la recepci\u00f3n brindada por el Ministro que estuvo acompa\u00f1ado por el Subsecretario de Gesti\u00f3n Administrativa del \u00e1rea, Julio Alejandro Roca,<br>y dejaron establecidos los pasos que se deber\u00e1n seguir dando hasta la confirmaci\u00f3n de la disponibilidad de los fondos que ser\u00e1n necesarios para esta obra.<\/p>\n\n\n\n<figure class=\"wp-block-image size-large\"><img decoding=\"async\" width=\"1024\" height=\"682\" data-attachment-id=\"95247\" data-permalink=\"https:\/\/eldiariodesanpedro.com.ar\/sitio\/salazar-y-almada-presentaron-al-ministro-de-transporte-el-proyecto-para-la-reconstruccion-del-muelle-cabecera-del-puerto\/whatsapp-image-2021-07-05-at-21-02-12\/\" data-orig-file=\"https:\/\/eldiariodesanpedro.com.ar\/sitio\/wp-content\/uploads\/2021\/07\/WhatsApp-Image-2021-07-05-at-21.02.12.jpeg\" data-orig-size=\"1280,853\" data-comments-opened=\"1\" data-image-meta=\"{&quot;aperture&quot;:&quot;0&quot;,&quot;credit&quot;:&quot;&quot;,&quot;camera&quot;:&quot;&quot;,&quot;caption&quot;:&quot;&quot;,&quot;created_timestamp&quot;:&quot;0&quot;,&quot;copyright&quot;:&quot;&quot;,&quot;focal_length&quot;:&quot;0&quot;,&quot;iso&quot;:&quot;0&quot;,&quot;shutter_speed&quot;:&quot;0&quot;,&quot;title&quot;:&quot;&quot;,&quot;orientation&quot;:&quot;0&quot;}\" data-image-title=\"WhatsApp Image 2021-07-05 at 21.02.12\" data-image-description=\"\" data-image-caption=\"\" data-large-file=\"https:\/\/eldiariodesanpedro.com.ar\/sitio\/wp-content\/uploads\/2021\/07\/WhatsApp-Image-2021-07-05-at-21.02.12-1024x682.jpeg\" data-src=\"https:\/\/eldiariodesanpedro.com.ar\/sitio\/wp-content\/uploads\/2021\/07\/WhatsApp-Image-2021-07-05-at-21.02.12-1024x682.jpeg\" alt=\"\" class=\"wp-image-95247 lazyload\" data-srcset=\"https:\/\/eldiariodesanpedro.com.ar\/sitio\/wp-content\/uploads\/2021\/07\/WhatsApp-Image-2021-07-05-at-21.02.12-1024x682.jpeg 1024w, https:\/\/eldiariodesanpedro.com.ar\/sitio\/wp-content\/uploads\/2021\/07\/WhatsApp-Image-2021-07-05-at-21.02.12-300x200.jpeg 300w, https:\/\/eldiariodesanpedro.com.ar\/sitio\/wp-content\/uploads\/2021\/07\/WhatsApp-Image-2021-07-05-at-21.02.12-768x512.jpeg 768w, https:\/\/eldiariodesanpedro.com.ar\/sitio\/wp-content\/uploads\/2021\/07\/WhatsApp-Image-2021-07-05-at-21.02.12.jpeg 1280w\" data-sizes=\"(max-width: 1024px) 100vw, 1024px\" src=\"data:image\/svg+xml;base64,PHN2ZyB3aWR0aD0iMSIgaGVpZ2h0PSIxIiB4bWxucz0iaHR0cDovL3d3dy53My5vcmcvMjAwMC9zdmciPjwvc3ZnPg==\" style=\"--smush-placeholder-width: 1024px; --smush-placeholder-aspect-ratio: 1024\/682;\" \/><\/figure>\n\n\n\n<figure class=\"wp-block-image size-large\"><img decoding=\"async\" width=\"768\" height=\"1024\" data-attachment-id=\"95246\" data-permalink=\"https:\/\/eldiariodesanpedro.com.ar\/sitio\/salazar-y-almada-presentaron-al-ministro-de-transporte-el-proyecto-para-la-reconstruccion-del-muelle-cabecera-del-puerto\/whatsapp-image-2021-07-05-at-21-02-11\/\" data-orig-file=\"https:\/\/eldiariodesanpedro.com.ar\/sitio\/wp-content\/uploads\/2021\/07\/WhatsApp-Image-2021-07-05-at-21.02.11.jpeg\" data-orig-size=\"864,1152\" data-comments-opened=\"1\" data-image-meta=\"{&quot;aperture&quot;:&quot;0&quot;,&quot;credit&quot;:&quot;&quot;,&quot;camera&quot;:&quot;&quot;,&quot;caption&quot;:&quot;&quot;,&quot;created_timestamp&quot;:&quot;0&quot;,&quot;copyright&quot;:&quot;&quot;,&quot;focal_length&quot;:&quot;0&quot;,&quot;iso&quot;:&quot;0&quot;,&quot;shutter_speed&quot;:&quot;0&quot;,&quot;title&quot;:&quot;&quot;,&quot;orientation&quot;:&quot;0&quot;}\" data-image-title=\"WhatsApp Image 2021-07-05 at 21.02.11\" data-image-description=\"\" data-image-caption=\"\" data-large-file=\"https:\/\/eldiariodesanpedro.com.ar\/sitio\/wp-content\/uploads\/2021\/07\/WhatsApp-Image-2021-07-05-at-21.02.11-768x1024.jpeg\" data-src=\"https:\/\/eldiariodesanpedro.com.ar\/sitio\/wp-content\/uploads\/2021\/07\/WhatsApp-Image-2021-07-05-at-21.02.11-768x1024.jpeg\" alt=\"\" class=\"wp-image-95246 lazyload\" data-srcset=\"https:\/\/eldiariodesanpedro.com.ar\/sitio\/wp-content\/uploads\/2021\/07\/WhatsApp-Image-2021-07-05-at-21.02.11-768x1024.jpeg 768w, https:\/\/eldiariodesanpedro.com.ar\/sitio\/wp-content\/uploads\/2021\/07\/WhatsApp-Image-2021-07-05-at-21.02.11-225x300.jpeg 225w, https:\/\/eldiariodesanpedro.com.ar\/sitio\/wp-content\/uploads\/2021\/07\/WhatsApp-Image-2021-07-05-at-21.02.11.jpeg 864w\" data-sizes=\"(max-width: 768px) 100vw, 768px\" src=\"data:image\/svg+xml;base64,PHN2ZyB3aWR0aD0iMSIgaGVpZ2h0PSIxIiB4bWxucz0iaHR0cDovL3d3dy53My5vcmcvMjAwMC9zdmciPjwvc3ZnPg==\" style=\"--smush-placeholder-width: 768px; --smush-placeholder-aspect-ratio: 768\/1024;\" \/><\/figure>\n","protected":false},"excerpt":{"rendered":"<p>El Intendente Cecilio Salazar y el Presidente del Consorcio de Gesti\u00f3n del Puerto de San Pedro Eliseo Almada mantuvieron hoy una importante y positiva reuni\u00f3n con el nuevo Ministro de Transporte de la Naci\u00f3n, Alexis Guerrera. Ante el nuevo titular de este ministerio que conduc\u00eda el recientemente fallecido Mario Meoni, el jefe comunal sampedrino y [&hellip;]<\/p>\n","protected":false},"author":4,"featured_media":95248,"comment_status":"open","ping_status":"closed","sticky":false,"template":"","format":"standard","meta":{"om_disable_all_campaigns":false,"_jetpack_memberships_contains_paid_content":false,"footnotes":""},"categories":[50,101,2],"tags":[],"class_list":["post-95242","post","type-post","status-publish","format-standard","has-post-thumbnail","hentry","category-destacadas","category-interes-general-locales","category-locales"],"aioseo_notices":[],"gutentor_comment":0,"jetpack_featured_media_url":"https:\/\/eldiariodesanpedro.com.ar\/sitio\/wp-content\/uploads\/2021\/07\/WhatsApp-Image-2021-07-05-at-21.02.13.jpeg","jetpack_shortlink":"https:\/\/wp.me\/p6RhLt-oMa","jetpack_sharing_enabled":true,"_links":{"self":[{"href":"https:\/\/eldiariodesanpedro.com.ar\/sitio\/wp-json\/wp\/v2\/posts\/95242","targetHints":{"allow":["GET"]}}],"collection":[{"href":"https:\/\/eldiariodesanpedro.com.ar\/sitio\/wp-json\/wp\/v2\/posts"}],"about":[{"href":"https:\/\/eldiariodesanpedro.com.ar\/sitio\/wp-json\/wp\/v2\/types\/post"}],"author":[{"embeddable":true,"href":"https:\/\/eldiariodesanpedro.com.ar\/sitio\/wp-json\/wp\/v2\/users\/4"}],"replies":[{"embeddable":true,"href":"https:\/\/eldiariodesanpedro.com.ar\/sitio\/wp-json\/wp\/v2\/comments?post=95242"}],"version-history":[{"count":2,"href":"https:\/\/eldiariodesanpedro.com.ar\/sitio\/wp-json\/wp\/v2\/posts\/95242\/revisions"}],"predecessor-version":[{"id":95249,"href":"https:\/\/eldiariodesanpedro.com.ar\/sitio\/wp-json\/wp\/v2\/posts\/95242\/revisions\/95249"}],"wp:featuredmedia":[{"embeddable":true,"href":"https:\/\/eldiariodesanpedro.com.ar\/sitio\/wp-json\/wp\/v2\/media\/95248"}],"wp:attachment":[{"href":"https:\/\/eldiariodesanpedro.com.ar\/sitio\/wp-json\/wp\/v2\/media?parent=95242"}],"wp:term":[{"taxonomy":"category","embeddable":true,"href":"https:\/\/eldiariodesanpedro.com.ar\/sitio\/wp-json\/wp\/v2\/categories?post=95242"},{"taxonomy":"post_tag","embeddable":true,"href":"https:\/\/eldiariodesanpedro.com.ar\/sitio\/wp-json\/wp\/v2\/tags?post=95242"}],"curies":[{"name":"wp","href":"https:\/\/api.w.org\/{rel}","templated":true}]}}