{"id":95227,"date":"2021-07-05T18:59:09","date_gmt":"2021-07-05T21:59:09","guid":{"rendered":"https:\/\/eldiariodesanpedro.com.ar\/sitio\/?p=95227"},"modified":"2021-07-05T18:59:14","modified_gmt":"2021-07-05T21:59:14","slug":"edicto-prescripcion-adquisitiva-inmueble-ubicado-calle-doyle-y-fray-c-rodriguez-santa-lucia","status":"publish","type":"post","link":"https:\/\/eldiariodesanpedro.com.ar\/sitio\/edicto-prescripcion-adquisitiva-inmueble-ubicado-calle-doyle-y-fray-c-rodriguez-santa-lucia\/","title":{"rendered":"Edicto prescripci\u00f3n adquisitiva inmueble ubicado calle Doyle y Fray C. Rodriguez , Santa Lucia"},"content":{"rendered":"<!-- VideographyWP Plugin Message: Automatic video embedding prevented by plugin options. -->\n\n<p>El Juzgado Civil y Comercial N\u00ba 1 del Departamento Judicial de San Nicol\u00e1s, en m\u00e9rito lo estatuido por los Art. 145,146,341, y 681 del CPCC, c\u00edtese a quienes se consideren con derecho sobre el inmueble que se intenta prescribir\u00a0 ubicado en la calle Doyle y Fray Cayetano Rodriguez de Santa Lucia, Partido de San Pedro, Pcia de Buenos\u00a0Aires, Plano de Mensura N\u00ba 99-8-76 en escala 1.750 , ingresado oficina de catastro de la Municipalidad de San Pedro en el A\u00f1o 1976-Nomenclatura Catastral : Circ.19, Secci\u00f3n\u00a0 A , Manzana 42 , parcela 4 partida inmobiliaria\u00a0 N\u00ba 099-3466, con una superficie\u00a0 de 2500 m2 &#8211;\u00a0 para que dentro del t\u00e9rmino de diez d\u00edas comparezcan a estar a derecho a autos . 05 julio de 2021.-<\/p>\n\n\n\n<p>DR. PRAT HERNAN VICTOR<br>JUEZ EN LO CIVIL Y COMERCIAL<\/p>\n","protected":false},"excerpt":{"rendered":"<p>El Juzgado Civil y Comercial N\u00ba 1 del Departamento Judicial de San Nicol\u00e1s, en m\u00e9rito lo estatuido por los Art. 145,146,341, y 681 del CPCC, c\u00edtese a quienes se consideren con derecho sobre el inmueble que se intenta prescribir\u00a0 ubicado en la calle Doyle y Fray Cayetano Rodriguez de Santa Lucia, Partido de San Pedro, [&hellip;]<\/p>\n","protected":false},"author":4,"featured_media":81115,"comment_status":"open","ping_status":"closed","sticky":false,"template":"","format":"standard","meta":{"om_disable_all_campaigns":false,"_jetpack_memberships_contains_paid_content":false,"footnotes":""},"categories":[676,1124],"tags":[],"class_list":["post-95227","post","type-post","status-publish","format-standard","has-post-thumbnail","hentry","category-edictos","category-edictos-especiales"],"aioseo_notices":[],"gutentor_comment":0,"jetpack_featured_media_url":"https:\/\/eldiariodesanpedro.com.ar\/sitio\/wp-content\/uploads\/2020\/09\/Poder-Judicial.jpg","jetpack_shortlink":"https:\/\/wp.me\/p6RhLt-oLV","jetpack_sharing_enabled":true,"_links":{"self":[{"href":"https:\/\/eldiariodesanpedro.com.ar\/sitio\/wp-json\/wp\/v2\/posts\/95227","targetHints":{"allow":["GET"]}}],"collection":[{"href":"https:\/\/eldiariodesanpedro.com.ar\/sitio\/wp-json\/wp\/v2\/posts"}],"about":[{"href":"https:\/\/eldiariodesanpedro.com.ar\/sitio\/wp-json\/wp\/v2\/types\/post"}],"author":[{"embeddable":true,"href":"https:\/\/eldiariodesanpedro.com.ar\/sitio\/wp-json\/wp\/v2\/users\/4"}],"replies":[{"embeddable":true,"href":"https:\/\/eldiariodesanpedro.com.ar\/sitio\/wp-json\/wp\/v2\/comments?post=95227"}],"version-history":[{"count":1,"href":"https:\/\/eldiariodesanpedro.com.ar\/sitio\/wp-json\/wp\/v2\/posts\/95227\/revisions"}],"predecessor-version":[{"id":95228,"href":"https:\/\/eldiariodesanpedro.com.ar\/sitio\/wp-json\/wp\/v2\/posts\/95227\/revisions\/95228"}],"wp:featuredmedia":[{"embeddable":true,"href":"https:\/\/eldiariodesanpedro.com.ar\/sitio\/wp-json\/wp\/v2\/media\/81115"}],"wp:attachment":[{"href":"https:\/\/eldiariodesanpedro.com.ar\/sitio\/wp-json\/wp\/v2\/media?parent=95227"}],"wp:term":[{"taxonomy":"category","embeddable":true,"href":"https:\/\/eldiariodesanpedro.com.ar\/sitio\/wp-json\/wp\/v2\/categories?post=95227"},{"taxonomy":"post_tag","embeddable":true,"href":"https:\/\/eldiariodesanpedro.com.ar\/sitio\/wp-json\/wp\/v2\/tags?post=95227"}],"curies":[{"name":"wp","href":"https:\/\/api.w.org\/{rel}","templated":true}]}}