{"id":95220,"date":"2021-07-05T12:52:42","date_gmt":"2021-07-05T15:52:42","guid":{"rendered":"https:\/\/eldiariodesanpedro.com.ar\/sitio\/?p=95220"},"modified":"2021-07-05T12:52:46","modified_gmt":"2021-07-05T15:52:46","slug":"el-servicio-local-de-promocion-y-proteccion-de-derechos-de-ninos-ninas-y-adolescentes-en-las-localidades","status":"publish","type":"post","link":"https:\/\/eldiariodesanpedro.com.ar\/sitio\/el-servicio-local-de-promocion-y-proteccion-de-derechos-de-ninos-ninas-y-adolescentes-en-las-localidades\/","title":{"rendered":"El Servicio Local de Promoci\u00f3n y Protecci\u00f3n de Derechos de Ni\u00f1os, Ni\u00f1as y Adolescentes en las localidades"},"content":{"rendered":"<!-- VideographyWP Plugin Message: Automatic video embedding prevented by plugin options. -->\n\n<p>Profesionales del Servicio Local estar\u00e1n atendiendo a las personas que tenga inter\u00e9s o consultas sobre ni\u00f1eces y adolescencia.<\/p>\n\n\n\n<p>En las jornadas se brindar\u00e1 atenci\u00f3n y asesoramiento sobre la promoci\u00f3n y protecci\u00f3n de derechos de ni\u00f1as, ni\u00f1os y adolescentes.<\/p>\n\n\n\n<p>La propuesta aspira a que todas aquellas personas que trabajan con ni\u00f1eces y adolescencia conozcan los mecanismos que el Estado proporciona para proteger y promover los derechos de los ni\u00f1os, ni\u00f1as y adolescentes, con la finalidad de brindar la mayor cantidad de herramientas a sus tareas cotidianas, facilitando la prevenci\u00f3n e identificaci\u00f3n de situaciones de violencia y vulneraci\u00f3n de derechos para que puedan ayudar a los j\u00f3venes a pensar formas de resolver situaciones sin violencia, discriminaci\u00f3n y respetando las diversidades.<\/p>\n\n\n\n<p>La jornada ser\u00e1 abierta a la comunidad, se solicita a quienes concurran que cumplan con las medidas de higiene, respetando el uso de barbijo y el distanciamiento social.<\/p>\n\n\n\n<figure class=\"wp-block-image size-large\"><img decoding=\"async\" width=\"940\" height=\"788\" data-attachment-id=\"95221\" data-permalink=\"https:\/\/eldiariodesanpedro.com.ar\/sitio\/el-servicio-local-de-promocion-y-proteccion-de-derechos-de-ninos-ninas-y-adolescentes-en-las-localidades\/whatsapp-image-2021-07-05-at-12-37-53\/\" data-orig-file=\"https:\/\/eldiariodesanpedro.com.ar\/sitio\/wp-content\/uploads\/2021\/07\/WhatsApp-Image-2021-07-05-at-12.37.53.jpeg\" data-orig-size=\"940,788\" data-comments-opened=\"1\" data-image-meta=\"{&quot;aperture&quot;:&quot;0&quot;,&quot;credit&quot;:&quot;&quot;,&quot;camera&quot;:&quot;&quot;,&quot;caption&quot;:&quot;&quot;,&quot;created_timestamp&quot;:&quot;0&quot;,&quot;copyright&quot;:&quot;&quot;,&quot;focal_length&quot;:&quot;0&quot;,&quot;iso&quot;:&quot;0&quot;,&quot;shutter_speed&quot;:&quot;0&quot;,&quot;title&quot;:&quot;&quot;,&quot;orientation&quot;:&quot;0&quot;}\" data-image-title=\"WhatsApp Image 2021-07-05 at 12.37.53\" data-image-description=\"\" data-image-caption=\"\" data-large-file=\"https:\/\/eldiariodesanpedro.com.ar\/sitio\/wp-content\/uploads\/2021\/07\/WhatsApp-Image-2021-07-05-at-12.37.53.jpeg\" data-src=\"https:\/\/eldiariodesanpedro.com.ar\/sitio\/wp-content\/uploads\/2021\/07\/WhatsApp-Image-2021-07-05-at-12.37.53.jpeg\" alt=\"\" class=\"wp-image-95221 lazyload\" data-srcset=\"https:\/\/eldiariodesanpedro.com.ar\/sitio\/wp-content\/uploads\/2021\/07\/WhatsApp-Image-2021-07-05-at-12.37.53.jpeg 940w, https:\/\/eldiariodesanpedro.com.ar\/sitio\/wp-content\/uploads\/2021\/07\/WhatsApp-Image-2021-07-05-at-12.37.53-300x251.jpeg 300w, https:\/\/eldiariodesanpedro.com.ar\/sitio\/wp-content\/uploads\/2021\/07\/WhatsApp-Image-2021-07-05-at-12.37.53-768x644.jpeg 768w\" data-sizes=\"(max-width: 940px) 100vw, 940px\" src=\"data:image\/svg+xml;base64,PHN2ZyB3aWR0aD0iMSIgaGVpZ2h0PSIxIiB4bWxucz0iaHR0cDovL3d3dy53My5vcmcvMjAwMC9zdmciPjwvc3ZnPg==\" style=\"--smush-placeholder-width: 940px; --smush-placeholder-aspect-ratio: 940\/788;\" \/><\/figure>\n","protected":false},"excerpt":{"rendered":"<p>Profesionales del Servicio Local estar\u00e1n atendiendo a las personas que tenga inter\u00e9s o consultas sobre ni\u00f1eces y adolescencia. En las jornadas se brindar\u00e1 atenci\u00f3n y asesoramiento sobre la promoci\u00f3n y protecci\u00f3n de derechos de ni\u00f1as, ni\u00f1os y adolescentes. La propuesta aspira a que todas aquellas personas que trabajan con ni\u00f1eces y adolescencia conozcan los mecanismos [&hellip;]<\/p>\n","protected":false},"author":4,"featured_media":95222,"comment_status":"open","ping_status":"closed","sticky":false,"template":"","format":"standard","meta":{"om_disable_all_campaigns":false,"_jetpack_memberships_contains_paid_content":false,"footnotes":""},"categories":[2,103],"tags":[],"class_list":["post-95220","post","type-post","status-publish","format-standard","has-post-thumbnail","hentry","category-locales","category-policiales-locales"],"aioseo_notices":[],"gutentor_comment":0,"jetpack_featured_media_url":"https:\/\/eldiariodesanpedro.com.ar\/sitio\/wp-content\/uploads\/2021\/07\/derechos-ninios-1.jpg","jetpack_shortlink":"https:\/\/wp.me\/p6RhLt-oLO","jetpack_sharing_enabled":true,"_links":{"self":[{"href":"https:\/\/eldiariodesanpedro.com.ar\/sitio\/wp-json\/wp\/v2\/posts\/95220","targetHints":{"allow":["GET"]}}],"collection":[{"href":"https:\/\/eldiariodesanpedro.com.ar\/sitio\/wp-json\/wp\/v2\/posts"}],"about":[{"href":"https:\/\/eldiariodesanpedro.com.ar\/sitio\/wp-json\/wp\/v2\/types\/post"}],"author":[{"embeddable":true,"href":"https:\/\/eldiariodesanpedro.com.ar\/sitio\/wp-json\/wp\/v2\/users\/4"}],"replies":[{"embeddable":true,"href":"https:\/\/eldiariodesanpedro.com.ar\/sitio\/wp-json\/wp\/v2\/comments?post=95220"}],"version-history":[{"count":1,"href":"https:\/\/eldiariodesanpedro.com.ar\/sitio\/wp-json\/wp\/v2\/posts\/95220\/revisions"}],"predecessor-version":[{"id":95223,"href":"https:\/\/eldiariodesanpedro.com.ar\/sitio\/wp-json\/wp\/v2\/posts\/95220\/revisions\/95223"}],"wp:featuredmedia":[{"embeddable":true,"href":"https:\/\/eldiariodesanpedro.com.ar\/sitio\/wp-json\/wp\/v2\/media\/95222"}],"wp:attachment":[{"href":"https:\/\/eldiariodesanpedro.com.ar\/sitio\/wp-json\/wp\/v2\/media?parent=95220"}],"wp:term":[{"taxonomy":"category","embeddable":true,"href":"https:\/\/eldiariodesanpedro.com.ar\/sitio\/wp-json\/wp\/v2\/categories?post=95220"},{"taxonomy":"post_tag","embeddable":true,"href":"https:\/\/eldiariodesanpedro.com.ar\/sitio\/wp-json\/wp\/v2\/tags?post=95220"}],"curies":[{"name":"wp","href":"https:\/\/api.w.org\/{rel}","templated":true}]}}