{"id":95217,"date":"2021-07-05T12:48:40","date_gmt":"2021-07-05T15:48:40","guid":{"rendered":"https:\/\/eldiariodesanpedro.com.ar\/sitio\/?p=95217"},"modified":"2021-07-05T12:48:44","modified_gmt":"2021-07-05T15:48:44","slug":"se-realizo-una-convencion-del-pro-san-pedro-este-domingo","status":"publish","type":"post","link":"https:\/\/eldiariodesanpedro.com.ar\/sitio\/se-realizo-una-convencion-del-pro-san-pedro-este-domingo\/","title":{"rendered":"Se realizo una convenci\u00f3n del PRO San Pedro este domingo"},"content":{"rendered":"<!-- VideographyWP Plugin Message: Automatic video embedding prevented by plugin options. -->\n\n<p>El d\u00eda domingo 4 de julio se realiz\u00f3 la convenci\u00f3n del PRO San Pedro en donde se abordaron distintos temas. Entre los m\u00e1s importantes se destacan la proyecci\u00f3n de las ideas y acciones que emprenderemos de cara a las pr\u00f3ximas elecciones, las afiliaciones masivas y el fortalecimiento del espacio.<\/p>\n\n\n\n<p>Asimismo, por medio de sus afiliados se reafirmaron las autoridades locales, tomando compromiso ante la visi\u00f3n y misi\u00f3n en funci\u00f3n del desarrollo del PRO local.<\/p>\n\n\n\n<p>Diego Lafalce el referente local del PRO en San Pedro tras la bajada de la candidatura de Patricia Bulrich en la ciudad de Buenos Aires:  \u00abNo vemos la posibilidad de un internismo, ni nada por el estilo. En este caso hay una pluralidad, un espacio joven que es Propuesta Republicana. Hay charlas t\u00e9cnicas de mesa a mesa, de nuestra presidenta con el presidente de la UCR. Incluso hay di\u00e1logo entre los concejales, como Dami\u00e1n Lafalce con Pando y Donatti\u00bb, por lo que por el momento no presentaran una lista para participar en internas.<\/p>\n\n\n\n<p>\u00abLa realidad es que no hay dos sectores del PRO. Si se observa la firma del edil Pelletier, firma como Juntos por el Cambio. En la Mesa de Conducci\u00f3n del PRO est\u00e1n contenidos todos los espacios. Para ser PRO debe ser afiliado al PRO, \u00e9l est\u00e1 afiliado al radicalismo y milita en el Partido Fe. No es PRO, lo invitamos a participar y declin\u00f3 esa oportunidad. Por lo tanto, no hay hay otro PRO en San Pedro que quienes est\u00e1n en la Mesa de Conducci\u00f3n. El espacio de Horacio Rodr\u00edguez Larreta est\u00e1 representado por Diego Taurizano y venimos trabajando muy bien\u00bb.<\/p>\n","protected":false},"excerpt":{"rendered":"<p>El d\u00eda domingo 4 de julio se realiz\u00f3 la convenci\u00f3n del PRO San Pedro en donde se abordaron distintos temas. Entre los m\u00e1s importantes se destacan la proyecci\u00f3n de las ideas y acciones que emprenderemos de cara a las pr\u00f3ximas elecciones, las afiliaciones masivas y el fortalecimiento del espacio. Asimismo, por medio de sus afiliados [&hellip;]<\/p>\n","protected":false},"author":4,"featured_media":95218,"comment_status":"open","ping_status":"closed","sticky":false,"template":"","format":"standard","meta":{"om_disable_all_campaigns":false,"_jetpack_memberships_contains_paid_content":false,"footnotes":""},"categories":[2,102],"tags":[],"class_list":["post-95217","post","type-post","status-publish","format-standard","has-post-thumbnail","hentry","category-locales","category-politica-locales"],"aioseo_notices":[],"gutentor_comment":0,"jetpack_featured_media_url":"https:\/\/eldiariodesanpedro.com.ar\/sitio\/wp-content\/uploads\/2021\/07\/WhatsApp-Image-2021-07-04-at-22.15.24.jpeg","jetpack_shortlink":"https:\/\/wp.me\/p6RhLt-oLL","jetpack_sharing_enabled":true,"_links":{"self":[{"href":"https:\/\/eldiariodesanpedro.com.ar\/sitio\/wp-json\/wp\/v2\/posts\/95217","targetHints":{"allow":["GET"]}}],"collection":[{"href":"https:\/\/eldiariodesanpedro.com.ar\/sitio\/wp-json\/wp\/v2\/posts"}],"about":[{"href":"https:\/\/eldiariodesanpedro.com.ar\/sitio\/wp-json\/wp\/v2\/types\/post"}],"author":[{"embeddable":true,"href":"https:\/\/eldiariodesanpedro.com.ar\/sitio\/wp-json\/wp\/v2\/users\/4"}],"replies":[{"embeddable":true,"href":"https:\/\/eldiariodesanpedro.com.ar\/sitio\/wp-json\/wp\/v2\/comments?post=95217"}],"version-history":[{"count":1,"href":"https:\/\/eldiariodesanpedro.com.ar\/sitio\/wp-json\/wp\/v2\/posts\/95217\/revisions"}],"predecessor-version":[{"id":95219,"href":"https:\/\/eldiariodesanpedro.com.ar\/sitio\/wp-json\/wp\/v2\/posts\/95217\/revisions\/95219"}],"wp:featuredmedia":[{"embeddable":true,"href":"https:\/\/eldiariodesanpedro.com.ar\/sitio\/wp-json\/wp\/v2\/media\/95218"}],"wp:attachment":[{"href":"https:\/\/eldiariodesanpedro.com.ar\/sitio\/wp-json\/wp\/v2\/media?parent=95217"}],"wp:term":[{"taxonomy":"category","embeddable":true,"href":"https:\/\/eldiariodesanpedro.com.ar\/sitio\/wp-json\/wp\/v2\/categories?post=95217"},{"taxonomy":"post_tag","embeddable":true,"href":"https:\/\/eldiariodesanpedro.com.ar\/sitio\/wp-json\/wp\/v2\/tags?post=95217"}],"curies":[{"name":"wp","href":"https:\/\/api.w.org\/{rel}","templated":true}]}}