{"id":95192,"date":"2021-07-05T11:26:31","date_gmt":"2021-07-05T14:26:31","guid":{"rendered":"https:\/\/eldiariodesanpedro.com.ar\/sitio\/?p=95192"},"modified":"2021-07-05T12:28:34","modified_gmt":"2021-07-05T15:28:34","slug":"dos-accidentes-graves-el-pasado-sabado-uno-de-ellos-un-auto-choco-con-un-tractor","status":"publish","type":"post","link":"https:\/\/eldiariodesanpedro.com.ar\/sitio\/dos-accidentes-graves-el-pasado-sabado-uno-de-ellos-un-auto-choco-con-un-tractor\/","title":{"rendered":"Dos accidentes graves el pasado s\u00e1bado, uno de ellos un auto choco con un tractor"},"content":{"rendered":"<!-- VideographyWP Plugin Message: Automatic video embedding prevented by plugin options. -->\n\n<p>El pasado s\u00e1bado ocurrieron dos accidentes de tr\u00e1nsitos graves donde fueron trasladadas personas al nosocomio local.<\/p>\n\n\n\n<p>El s\u00e1bado a las&nbsp; 19:00 hs, ocurri\u00f3 un accidente de tr\u00e1nsito en Juan B. Justo y Salta involucrando autom\u00f3vil conducido por masculino de 66 a\u00f1os y una motocicleta 200 cc. conductor masculino 31 a\u00f1os, siendo este \u00faltimo&nbsp; trasladado por ambulancia por lesiones sufridas en miembro superior sin gravedad. La polic\u00eda cient\u00edfica realiz\u00f3 pericias.&nbsp; &nbsp; &nbsp; &nbsp;<\/p>\n\n\n\n<p>Al mismo momento alrededor de las 19:20 hs. ocurre otro accidente de tr\u00e1nsito en calle Lucio Mansilla al 3500 involucrando un autom\u00f3vil conducido por masculino 52 a\u00f1os, y una tractor remolcando un carro conducido este por masculino 46 a\u00f1os. Como consecuencia el conductor del veh\u00edculo fue trasladado al nosocomio local. La polic\u00eda cient\u00edfica realiz\u00f3 pericias.<\/p>\n","protected":false},"excerpt":{"rendered":"<p>El pasado s\u00e1bado ocurrieron dos accidentes de tr\u00e1nsitos graves donde fueron trasladadas personas al nosocomio local. El s\u00e1bado a las&nbsp; 19:00 hs, ocurri\u00f3 un accidente de tr\u00e1nsito en Juan B. Justo y Salta involucrando autom\u00f3vil conducido por masculino de 66 a\u00f1os y una motocicleta 200 cc. conductor masculino 31 a\u00f1os, siendo este \u00faltimo&nbsp; trasladado por [&hellip;]<\/p>\n","protected":false},"author":4,"featured_media":95208,"comment_status":"open","ping_status":"closed","sticky":false,"template":"","format":"standard","meta":{"om_disable_all_campaigns":false,"_jetpack_memberships_contains_paid_content":false,"footnotes":""},"categories":[2,103],"tags":[],"class_list":["post-95192","post","type-post","status-publish","format-standard","has-post-thumbnail","hentry","category-locales","category-policiales-locales"],"aioseo_notices":[],"gutentor_comment":0,"jetpack_featured_media_url":"https:\/\/eldiariodesanpedro.com.ar\/sitio\/wp-content\/uploads\/2021\/07\/000092305.jpg","jetpack_shortlink":"https:\/\/wp.me\/p6RhLt-oLm","jetpack_sharing_enabled":true,"_links":{"self":[{"href":"https:\/\/eldiariodesanpedro.com.ar\/sitio\/wp-json\/wp\/v2\/posts\/95192","targetHints":{"allow":["GET"]}}],"collection":[{"href":"https:\/\/eldiariodesanpedro.com.ar\/sitio\/wp-json\/wp\/v2\/posts"}],"about":[{"href":"https:\/\/eldiariodesanpedro.com.ar\/sitio\/wp-json\/wp\/v2\/types\/post"}],"author":[{"embeddable":true,"href":"https:\/\/eldiariodesanpedro.com.ar\/sitio\/wp-json\/wp\/v2\/users\/4"}],"replies":[{"embeddable":true,"href":"https:\/\/eldiariodesanpedro.com.ar\/sitio\/wp-json\/wp\/v2\/comments?post=95192"}],"version-history":[{"count":2,"href":"https:\/\/eldiariodesanpedro.com.ar\/sitio\/wp-json\/wp\/v2\/posts\/95192\/revisions"}],"predecessor-version":[{"id":95209,"href":"https:\/\/eldiariodesanpedro.com.ar\/sitio\/wp-json\/wp\/v2\/posts\/95192\/revisions\/95209"}],"wp:featuredmedia":[{"embeddable":true,"href":"https:\/\/eldiariodesanpedro.com.ar\/sitio\/wp-json\/wp\/v2\/media\/95208"}],"wp:attachment":[{"href":"https:\/\/eldiariodesanpedro.com.ar\/sitio\/wp-json\/wp\/v2\/media?parent=95192"}],"wp:term":[{"taxonomy":"category","embeddable":true,"href":"https:\/\/eldiariodesanpedro.com.ar\/sitio\/wp-json\/wp\/v2\/categories?post=95192"},{"taxonomy":"post_tag","embeddable":true,"href":"https:\/\/eldiariodesanpedro.com.ar\/sitio\/wp-json\/wp\/v2\/tags?post=95192"}],"curies":[{"name":"wp","href":"https:\/\/api.w.org\/{rel}","templated":true}]}}