{"id":9519,"date":"2016-11-01T18:36:12","date_gmt":"2016-11-01T21:36:12","guid":{"rendered":"https:\/\/eldiariodesanpedro.com.ar\/sitio\/?p=9519"},"modified":"2016-11-01T18:36:12","modified_gmt":"2016-11-01T21:36:12","slug":"se-realizaron-los-festejos-por-el-86-aniversario-de-gobernador-castro","status":"publish","type":"post","link":"https:\/\/eldiariodesanpedro.com.ar\/sitio\/se-realizaron-los-festejos-por-el-86-aniversario-de-gobernador-castro\/","title":{"rendered":"Se realizaron los festejos por el 86\u00b0 aniversario de Gobernador Castro"},"content":{"rendered":"<p><!-- VideographyWP Plugin Message: Automatic video embedding prevented by plugin options. --><br \/>\nLa celebraci\u00f3n por un nuevo a\u00f1o de la localidad se concret\u00f3 el domingo en la plaza del pueblo. Para ello, se arm\u00f3 una grilla con shows en vivo. Actuaron el grupo de danzas \u00e1rabes Manat, Yani La Dulce, Ariel Torres, Los Suris, Wilson Rock, Super Sound y el cierre a cargo de Ra\u00edces Entrerrianas.<br \/>\n\u201cFamilias, vecinos, amigos y un d\u00eda hermoso fue el marco de los festejos por el 86\u00ba aniversario de Gobernador Castro, sigamos trabajando para que cada una de nuestras localidades crezca cada d\u00eda, porque juntos podemos, sigamos construyendo futuro\u201d, expres\u00f3 el intendente Salazar a trav\u00e9s de su cuenta oficial de Facebook.<\/p>\n","protected":false},"excerpt":{"rendered":"<p>La celebraci\u00f3n por un nuevo a\u00f1o de la localidad se concret\u00f3 el domingo en la plaza del pueblo. Para ello, se arm\u00f3 una grilla con shows en vivo. Actuaron el grupo de danzas \u00e1rabes Manat, Yani La Dulce, Ariel Torres, Los Suris, Wilson Rock, Super Sound y el cierre a cargo de Ra\u00edces Entrerrianas. \u201cFamilias, [&hellip;]<\/p>\n","protected":false},"author":4,"featured_media":9520,"comment_status":"open","ping_status":"closed","sticky":false,"template":"","format":"standard","meta":{"om_disable_all_campaigns":false,"_jetpack_memberships_contains_paid_content":false,"footnotes":""},"categories":[101,2],"tags":[647,650,646,651,648,652,649],"class_list":["post-9519","post","type-post","status-publish","format-standard","has-post-thumbnail","hentry","category-interes-general-locales","category-locales","tag-86-aniversario","tag-ariel-torres","tag-gobernador-castro","tag-los-suris","tag-manta","tag-wilson-rock","tag-yani-la-dulce"],"aioseo_notices":[],"gutentor_comment":0,"jetpack_featured_media_url":"https:\/\/eldiariodesanpedro.com.ar\/sitio\/wp-content\/uploads\/2016\/11\/CASTRO-01.jpg","jetpack_shortlink":"https:\/\/wp.me\/p6RhLt-2tx","jetpack_sharing_enabled":true,"_links":{"self":[{"href":"https:\/\/eldiariodesanpedro.com.ar\/sitio\/wp-json\/wp\/v2\/posts\/9519","targetHints":{"allow":["GET"]}}],"collection":[{"href":"https:\/\/eldiariodesanpedro.com.ar\/sitio\/wp-json\/wp\/v2\/posts"}],"about":[{"href":"https:\/\/eldiariodesanpedro.com.ar\/sitio\/wp-json\/wp\/v2\/types\/post"}],"author":[{"embeddable":true,"href":"https:\/\/eldiariodesanpedro.com.ar\/sitio\/wp-json\/wp\/v2\/users\/4"}],"replies":[{"embeddable":true,"href":"https:\/\/eldiariodesanpedro.com.ar\/sitio\/wp-json\/wp\/v2\/comments?post=9519"}],"version-history":[{"count":1,"href":"https:\/\/eldiariodesanpedro.com.ar\/sitio\/wp-json\/wp\/v2\/posts\/9519\/revisions"}],"predecessor-version":[{"id":9521,"href":"https:\/\/eldiariodesanpedro.com.ar\/sitio\/wp-json\/wp\/v2\/posts\/9519\/revisions\/9521"}],"wp:featuredmedia":[{"embeddable":true,"href":"https:\/\/eldiariodesanpedro.com.ar\/sitio\/wp-json\/wp\/v2\/media\/9520"}],"wp:attachment":[{"href":"https:\/\/eldiariodesanpedro.com.ar\/sitio\/wp-json\/wp\/v2\/media?parent=9519"}],"wp:term":[{"taxonomy":"category","embeddable":true,"href":"https:\/\/eldiariodesanpedro.com.ar\/sitio\/wp-json\/wp\/v2\/categories?post=9519"},{"taxonomy":"post_tag","embeddable":true,"href":"https:\/\/eldiariodesanpedro.com.ar\/sitio\/wp-json\/wp\/v2\/tags?post=9519"}],"curies":[{"name":"wp","href":"https:\/\/api.w.org\/{rel}","templated":true}]}}