{"id":95181,"date":"2021-07-05T11:00:40","date_gmt":"2021-07-05T14:00:40","guid":{"rendered":"https:\/\/eldiariodesanpedro.com.ar\/sitio\/?p=95181"},"modified":"2021-07-05T11:00:44","modified_gmt":"2021-07-05T14:00:44","slug":"robo-agravado-de-una-moto-y-el-handy-a-un-mensajero-que-fue-recuperados-por-la-policia","status":"publish","type":"post","link":"https:\/\/eldiariodesanpedro.com.ar\/sitio\/robo-agravado-de-una-moto-y-el-handy-a-un-mensajero-que-fue-recuperados-por-la-policia\/","title":{"rendered":"Robo agravado de una moto y el handy a un mensajero que fue recuperados por la polic\u00eda"},"content":{"rendered":"<!-- VideographyWP Plugin Message: Automatic video embedding prevented by plugin options. -->\n\n<p>A primera hora de ayer el personal policial tras r\u00e1pido accionar en intersecci\u00f3n de calles Hermano Indio y Balcarce, aprehendi\u00f3 a delincuente de 16 a\u00f1os, a quien se le secuestr\u00f3 en su poder equipo de comunicaci\u00f3n Handy y motocicleta 110cc. estos bienes eran intensamente buscados por la polic\u00eda de la comisar\u00eda, ya que fueron sustra\u00eddos momentos antes en Benefactora Sampedrina y G\u00fcemes a un joven motoquero de 23 a\u00f1os, por al menos cuatro delincuentes que interponi\u00e9ndose a su paso, amenazando con arma de fuego, lo despojaron de los bienes recuperados.<\/p>\n\n\n\n<p>El delincuente aprehendido permanece detenido a disposici\u00f3n de la Justicia Juvenil de San Nicol\u00e1s, imputado de delito de \u201cRobo Agravado\u201d, alojado actualmente en centro adecuado de la ciudad de San Nicol\u00e1s para su posterior derivaci\u00f3n a centro adecuado de detenci\u00f3n. Se profundizan las tareas investigadas para individualizar y detener a los restantes delincuentes. La v\u00edctima result\u00f3 ilesa habi\u00e9ndo restituido la moto y Handy secuestrado.\u00a0<\/p>\n\n\n\n<figure class=\"wp-block-image size-large\"><img decoding=\"async\" width=\"1024\" height=\"766\" data-attachment-id=\"95182\" data-permalink=\"https:\/\/eldiariodesanpedro.com.ar\/sitio\/robo-agravado-de-una-moto-y-el-handy-a-un-mensajero-que-fue-recuperados-por-la-policia\/whatsapp-image-2021-07-05-at-10-42-16-1\/\" data-orig-file=\"https:\/\/eldiariodesanpedro.com.ar\/sitio\/wp-content\/uploads\/2021\/07\/WhatsApp-Image-2021-07-05-at-10.42.16-1-rotated.jpeg\" data-orig-size=\"1280,958\" data-comments-opened=\"1\" data-image-meta=\"{&quot;aperture&quot;:&quot;0&quot;,&quot;credit&quot;:&quot;&quot;,&quot;camera&quot;:&quot;&quot;,&quot;caption&quot;:&quot;&quot;,&quot;created_timestamp&quot;:&quot;0&quot;,&quot;copyright&quot;:&quot;&quot;,&quot;focal_length&quot;:&quot;0&quot;,&quot;iso&quot;:&quot;0&quot;,&quot;shutter_speed&quot;:&quot;0&quot;,&quot;title&quot;:&quot;&quot;,&quot;orientation&quot;:&quot;1&quot;}\" data-image-title=\"WhatsApp Image 2021-07-05 at 10.42.16 (1)\" data-image-description=\"\" data-image-caption=\"\" data-large-file=\"https:\/\/eldiariodesanpedro.com.ar\/sitio\/wp-content\/uploads\/2021\/07\/WhatsApp-Image-2021-07-05-at-10.42.16-1-1024x766.jpeg\" data-src=\"https:\/\/eldiariodesanpedro.com.ar\/sitio\/wp-content\/uploads\/2021\/07\/WhatsApp-Image-2021-07-05-at-10.42.16-1-1024x766.jpeg\" alt=\"\" class=\"wp-image-95182 lazyload\" data-srcset=\"https:\/\/eldiariodesanpedro.com.ar\/sitio\/wp-content\/uploads\/2021\/07\/WhatsApp-Image-2021-07-05-at-10.42.16-1-1024x766.jpeg 1024w, https:\/\/eldiariodesanpedro.com.ar\/sitio\/wp-content\/uploads\/2021\/07\/WhatsApp-Image-2021-07-05-at-10.42.16-1-300x225.jpeg 300w, https:\/\/eldiariodesanpedro.com.ar\/sitio\/wp-content\/uploads\/2021\/07\/WhatsApp-Image-2021-07-05-at-10.42.16-1-768x575.jpeg 768w, https:\/\/eldiariodesanpedro.com.ar\/sitio\/wp-content\/uploads\/2021\/07\/WhatsApp-Image-2021-07-05-at-10.42.16-1-500x375.jpeg 500w, https:\/\/eldiariodesanpedro.com.ar\/sitio\/wp-content\/uploads\/2021\/07\/WhatsApp-Image-2021-07-05-at-10.42.16-1-rotated.jpeg 1280w\" data-sizes=\"(max-width: 1024px) 100vw, 1024px\" src=\"data:image\/svg+xml;base64,PHN2ZyB3aWR0aD0iMSIgaGVpZ2h0PSIxIiB4bWxucz0iaHR0cDovL3d3dy53My5vcmcvMjAwMC9zdmciPjwvc3ZnPg==\" style=\"--smush-placeholder-width: 1024px; --smush-placeholder-aspect-ratio: 1024\/766;\" \/><\/figure>\n","protected":false},"excerpt":{"rendered":"<p>A primera hora de ayer el personal policial tras r\u00e1pido accionar en intersecci\u00f3n de calles Hermano Indio y Balcarce, aprehendi\u00f3 a delincuente de 16 a\u00f1os, a quien se le secuestr\u00f3 en su poder equipo de comunicaci\u00f3n Handy y motocicleta 110cc. estos bienes eran intensamente buscados por la polic\u00eda de la comisar\u00eda, ya que fueron sustra\u00eddos [&hellip;]<\/p>\n","protected":false},"author":4,"featured_media":95183,"comment_status":"open","ping_status":"closed","sticky":false,"template":"","format":"standard","meta":{"om_disable_all_campaigns":false,"_jetpack_memberships_contains_paid_content":false,"footnotes":""},"categories":[2,103],"tags":[],"class_list":["post-95181","post","type-post","status-publish","format-standard","has-post-thumbnail","hentry","category-locales","category-policiales-locales"],"aioseo_notices":[],"gutentor_comment":0,"jetpack_featured_media_url":"https:\/\/eldiariodesanpedro.com.ar\/sitio\/wp-content\/uploads\/2021\/07\/WhatsApp-Image-2021-07-05-at-10.42.16.jpeg","jetpack_shortlink":"https:\/\/wp.me\/p6RhLt-oLb","jetpack_sharing_enabled":true,"_links":{"self":[{"href":"https:\/\/eldiariodesanpedro.com.ar\/sitio\/wp-json\/wp\/v2\/posts\/95181","targetHints":{"allow":["GET"]}}],"collection":[{"href":"https:\/\/eldiariodesanpedro.com.ar\/sitio\/wp-json\/wp\/v2\/posts"}],"about":[{"href":"https:\/\/eldiariodesanpedro.com.ar\/sitio\/wp-json\/wp\/v2\/types\/post"}],"author":[{"embeddable":true,"href":"https:\/\/eldiariodesanpedro.com.ar\/sitio\/wp-json\/wp\/v2\/users\/4"}],"replies":[{"embeddable":true,"href":"https:\/\/eldiariodesanpedro.com.ar\/sitio\/wp-json\/wp\/v2\/comments?post=95181"}],"version-history":[{"count":1,"href":"https:\/\/eldiariodesanpedro.com.ar\/sitio\/wp-json\/wp\/v2\/posts\/95181\/revisions"}],"predecessor-version":[{"id":95184,"href":"https:\/\/eldiariodesanpedro.com.ar\/sitio\/wp-json\/wp\/v2\/posts\/95181\/revisions\/95184"}],"wp:featuredmedia":[{"embeddable":true,"href":"https:\/\/eldiariodesanpedro.com.ar\/sitio\/wp-json\/wp\/v2\/media\/95183"}],"wp:attachment":[{"href":"https:\/\/eldiariodesanpedro.com.ar\/sitio\/wp-json\/wp\/v2\/media?parent=95181"}],"wp:term":[{"taxonomy":"category","embeddable":true,"href":"https:\/\/eldiariodesanpedro.com.ar\/sitio\/wp-json\/wp\/v2\/categories?post=95181"},{"taxonomy":"post_tag","embeddable":true,"href":"https:\/\/eldiariodesanpedro.com.ar\/sitio\/wp-json\/wp\/v2\/tags?post=95181"}],"curies":[{"name":"wp","href":"https:\/\/api.w.org\/{rel}","templated":true}]}}